{"id":8321,"date":"2021-08-19T09:07:28","date_gmt":"2021-08-19T07:07:28","guid":{"rendered":"https:\/\/www.lanade.de\/blog\/?p=8321"},"modified":"2022-11-02T10:07:14","modified_gmt":"2022-11-02T09:07:14","slug":"friday-sweater-mini","status":"publish","type":"post","link":"https:\/\/www.lanade.de\/blog\/friday-sweater-mini\/","title":{"rendered":"Man muss sich auch mal was g\u00f6nnen"},"content":{"rendered":"<p>Tja, so schnell kann es gehen. Alles in die Ecke gepfeffert und angeschlagen. \u201e<em>Ist ja nur ein Baby-Pulli, das geht ja schnell.<\/em>\u201c \u2013 \u201e<em>Z\u00e4hlt quasi gar nicht.<\/em>\u201c \u2013 \u201e<em>Ausserdem kann man so ein kleines Projekt super mitnehmen.<\/em>\u201c \u2013 \u201e<em>Hab ich mir auch echt verdient.<\/em>\u201c<\/p>\n<p><img loading=\"lazy\" decoding=\"async\" class=\"alignnone size-full wp-image-8332\" src=\"https:\/\/www.lanade.de\/blog\/wp-content\/uploads\/2021\/08\/ld_blog_fridaymini_1.jpg\" alt=\"Bild f\u00fcr Beitrag \u201eFriday Sweater Mini\u201c 1\" width=\"1356\" height=\"904\" srcset=\"https:\/\/www.lanade.de\/blog\/wp-content\/uploads\/2021\/08\/ld_blog_fridaymini_1.jpg 1356w, https:\/\/www.lanade.de\/blog\/wp-content\/uploads\/2021\/08\/ld_blog_fridaymini_1-300x200.jpg 300w, https:\/\/www.lanade.de\/blog\/wp-content\/uploads\/2021\/08\/ld_blog_fridaymini_1-768x512.jpg 768w, https:\/\/www.lanade.de\/blog\/wp-content\/uploads\/2021\/08\/ld_blog_fridaymini_1-600x400.jpg 600w\" sizes=\"auto, (max-width: 1356px) 100vw, 1356px\" \/><\/p>\n<p>Wir kennen doch alle dieses kleine f\u00fcrsprechende Stimmchen, nicht wahr?<\/p>\n<p><!--more-->Und wenn einem die sozialen Medien dann einmal mehr ein Projekt in den Kopf gepflanzt haben, sieht man es urpl\u00f6tzlich \u00fcberall. Als w\u00e4re es Bestimmung!<\/p>\n<p>Erschwerend hinzu kam in dieser Zeit, dass gef\u00fchlt die ganze Welt <a href=\"https:\/\/www.lanade.de\/sandnes\/sandnes-babyull-lanett\" rel=\"noopener\">\u201eBabyull Lanett\u201c<\/a> bestellte, die ich nun mal wirklich gerne und uneingeschr\u00e4nkt f\u00fcr \u2013 ja, wof\u00fcr wohl \u2013 <strong>Babykleidung<\/strong> empfehle. So sammelte ich tagein, tagaus die sch\u00f6nsten Farben im Lager f\u00fcr unsere Kunden zusammen und das Stimmchen frohlockte und neckte mich mit Gedanken an die sch\u00f6nsten Varianten f\u00fcr den <a href=\"https:\/\/www.lanade.de\/PetiteKnit-Friday-Sweater-Mini-Deutsch\" target=\"_blank\" rel=\"noopener noreferrer\">\u201eFriday Sweater Mini\u201c<\/a>.<\/p>\n<p>V\u00f6llig unerwartet ertappte ich mich nun eines sch\u00f6nen Tages mit drei Kn\u00e4uelchen <em>Graubeige Meliert<\/em> in der Hand, seelig auf der Suche nach Farben f\u00fcr die Streifen. Ich hatte nun pl\u00f6tzlich eine Mission. Der kleine Empf\u00e4nger dieses Pullovers sollte diesen Winter nicht frieren m\u00fcssen \u2026<\/p>\n<p><img loading=\"lazy\" decoding=\"async\" class=\"alignnone size-full wp-image-8333\" src=\"https:\/\/www.lanade.de\/blog\/wp-content\/uploads\/2021\/08\/ld_blog_fridaymini_2.jpg\" alt=\"Bild f\u00fcr Beitrag \u201eFriday Sweater Mini\u201c 2\" width=\"1356\" height=\"904\" srcset=\"https:\/\/www.lanade.de\/blog\/wp-content\/uploads\/2021\/08\/ld_blog_fridaymini_2.jpg 1356w, https:\/\/www.lanade.de\/blog\/wp-content\/uploads\/2021\/08\/ld_blog_fridaymini_2-300x200.jpg 300w, https:\/\/www.lanade.de\/blog\/wp-content\/uploads\/2021\/08\/ld_blog_fridaymini_2-768x512.jpg 768w, https:\/\/www.lanade.de\/blog\/wp-content\/uploads\/2021\/08\/ld_blog_fridaymini_2-600x400.jpg 600w\" sizes=\"auto, (max-width: 1356px) 100vw, 1356px\" \/><\/p>\n<p>Muss er nicht. Er wird den schicksten Pulli der Kleinstadt tragen d\u00fcrfen.<\/p>\n<p>Das kleine Projekt war aber auch wirklich gen\u00fcsslich zu stricken. Das Grundmuster nennt sich \u201e<em>Broken Rib<\/em>\u201c und strickt sich v\u00f6llig gedankenbefreit, w\u00e4hrend die Streifen f\u00fcr ausreichend Abwechslung sorgen. Ein wirklich gutes Modell f\u00fcr unterwegs oder beim Stricktreff.<\/p>\n<p><img loading=\"lazy\" decoding=\"async\" class=\"alignnone size-full wp-image-8335\" src=\"https:\/\/www.lanade.de\/blog\/wp-content\/uploads\/2021\/08\/ld_blog_fridaymini_4.jpg\" alt=\"Bild f\u00fcr Beitrag \u201eFriday Sweater Mini\u201c 4\" width=\"1356\" height=\"904\" srcset=\"https:\/\/www.lanade.de\/blog\/wp-content\/uploads\/2021\/08\/ld_blog_fridaymini_4.jpg 1356w, https:\/\/www.lanade.de\/blog\/wp-content\/uploads\/2021\/08\/ld_blog_fridaymini_4-300x200.jpg 300w, https:\/\/www.lanade.de\/blog\/wp-content\/uploads\/2021\/08\/ld_blog_fridaymini_4-768x512.jpg 768w, https:\/\/www.lanade.de\/blog\/wp-content\/uploads\/2021\/08\/ld_blog_fridaymini_4-600x400.jpg 600w\" sizes=\"auto, (max-width: 1356px) 100vw, 1356px\" \/><\/p>\n<p>\u00c4u\u00dferst gut gef\u00e4llt mir am <a href=\"https:\/\/www.lanade.de\/PetiteKnit-Friday-Sweater-Mini-Deutsch\" target=\"_blank\" rel=\"noopener noreferrer\">\u201eFriday Sweater Mini\u201c<\/a> auch die Kragenl\u00f6sung. Zumeist finden sich f\u00fcr Babies riesige Halsausschnitte oder aber Knopfl\u00f6sungen. <a href=\"https:\/\/www.ravelry.com\/designers\/petiteknit\" target=\"_blank\" rel=\"noopener noreferrer\">PetitKnit<\/a> l\u00f6st dies hier einfach durch ein<br \/>\numgeschlagenes B\u00fcndchen, dessen lockere Anschlagkante innen direkt angestrickt wird. Ich selbst habe mich direkt f\u00fcr einen <a href=\"https:\/\/www.lanade.de\/blog\/aufgehaekelter-provisorischer-maschenanschlag-und-ufo-buster\/\" target=\"_blank\" rel=\"noopener noreferrer\">provisorischen Anschlag<\/a> entschieden. Damit hat der Kragen wirklich Spielraum und l\u00e4sst sich locker schulterbreit aufziehen.<\/p>\n<p>Den \u201eFriday Sweater\u201c gibt es \u00fcbrigens nicht nur in \u201eMini\u201c, man kann damit quasi sommers wie winters die komplette Familie versorgen. Kurzarm, lang\u00e4rmelig, ganz gro\u00df oder eben auch ganz klein. Mit der <a href=\"https:\/\/www.lanade.de\/sandnes\/sandnes-babyull-lanett\">Babyull Lanett<\/a> wird der Pulli aber wirklich herrlich kuschelig, dicht und warm, darum habe ich mich auch f\u00fcr lange \u00c4rmel entschieden.\u00a0F\u00fcr eine sommerliche Variante w\u00fcrde ich das Original-Garn, die <a href=\"https:\/\/www.lanade.de\/sandnes\/sandnes-sunday\">Sandnes Sunday<\/a> w\u00e4hlen. Und dann sch\u00f6n maritim. Oder doch mehr so staubig-rosa? Hach ja.<\/p>\n<p><img loading=\"lazy\" decoding=\"async\" class=\"alignnone size-full wp-image-8334\" src=\"https:\/\/www.lanade.de\/blog\/wp-content\/uploads\/2021\/08\/ld_blog_fridaymini_3.jpg\" alt=\"Bild f\u00fcr Beitrag \u201eFriday Sweater Mini\u201c 3\" width=\"1356\" height=\"763\" srcset=\"https:\/\/www.lanade.de\/blog\/wp-content\/uploads\/2021\/08\/ld_blog_fridaymini_3.jpg 1356w, https:\/\/www.lanade.de\/blog\/wp-content\/uploads\/2021\/08\/ld_blog_fridaymini_3-300x169.jpg 300w, https:\/\/www.lanade.de\/blog\/wp-content\/uploads\/2021\/08\/ld_blog_fridaymini_3-768x432.jpg 768w, https:\/\/www.lanade.de\/blog\/wp-content\/uploads\/2021\/08\/ld_blog_fridaymini_3-600x338.jpg 600w\" sizes=\"auto, (max-width: 1356px) 100vw, 1356px\" \/><\/p>\n<p>So bleibt mir nun nur zu \u00fcberlegen, ob ich gleich noch ein bis drei passende <a href=\"https:\/\/www.lanade.de\/blog\/hosenmatz\/\">Hosenm\u00e4tze<\/a> stricke oder einen f\u00fcr die kleine Nichte anschlage. Oder mich eben meinen anderen Ufo-Sch\u00e4tzen zuwende, die ja nun alle auch nicht von schlechten Eltern sind.\u00a0Soll ich euch demn\u00e4chst mal zeigen, was da so alles schlummert?<\/p>\n<p><img loading=\"lazy\" decoding=\"async\" class=\"alignnone size-full wp-image-8336\" src=\"https:\/\/www.lanade.de\/blog\/wp-content\/uploads\/2021\/08\/ld_blog_fridaymini_5.jpg\" alt=\"Bild f\u00fcr Beitrag \u201eFriday Sweater Mini\u201c 5\" width=\"1356\" height=\"904\" srcset=\"https:\/\/www.lanade.de\/blog\/wp-content\/uploads\/2021\/08\/ld_blog_fridaymini_5.jpg 1356w, https:\/\/www.lanade.de\/blog\/wp-content\/uploads\/2021\/08\/ld_blog_fridaymini_5-300x200.jpg 300w, https:\/\/www.lanade.de\/blog\/wp-content\/uploads\/2021\/08\/ld_blog_fridaymini_5-768x512.jpg 768w, https:\/\/www.lanade.de\/blog\/wp-content\/uploads\/2021\/08\/ld_blog_fridaymini_5-600x400.jpg 600w\" sizes=\"auto, (max-width: 1356px) 100vw, 1356px\" \/><\/p>\n<p>Modell: <a href=\"https:\/\/www.lanade.de\/PetiteKnit-Friday-Sweater-Mini-Deutsch\">Friday Sweater Mini<\/a>, Gr\u00f6\u00dfe 1 Jahr<br \/>\nGarn: Sandnes Garn <a href=\"https:\/\/www.lanade.de\/sandnes\/sandnes-babyull-lanett\" target=\"_blank\" rel=\"noopener noreferrer\">Babyull Lanett<\/a>, 115 Gramm Fb. <em>2650 Graubeige Meliert<\/em>, 10 Gramm <em>2755 Rostbraun<\/em>, 10 Gramm <em>4035 Dunkle Terrakotta<\/em>, 14 Gramm <em>8543 Gr\u00fcn<\/em><br \/>\nNadeln: <a href=\"https:\/\/www.lanade.de\/nadeln#cat=chiaogoo-edelstahl&amp;durchmesser=2_0_mm,2_5_mm&amp;nadelart=rundnadeln&amp;nadellaenge=60_cm&amp;gan_data=true\" target=\"_blank\" rel=\"noopener noreferrer\">ChiaoGoo Edelstahl-Rundnadeln in 60 cm, Durchmesser 2,0 mm und 2,5 mm<\/a> (Lockerstrickerin)<br \/>\nModifikationen: drei Kontrastfarben<\/p>\n","protected":false},"excerpt":{"rendered":"<p>Es ist wieder passiert. Wie so oft. Man kann sich nicht immer dagegen stemmen. Gesehen. Geholt. Angeschlagen. Warum dieses Projekt auf Carolins Nadeln musste, erfahrt ihr heute hier.<\/p>\n","protected":false},"author":3,"featured_media":0,"comment_status":"open","ping_status":"closed","sticky":false,"template":"","format":"standard","meta":{"_acf_changed":false,"footnotes":""},"categories":[11,22,52,20],"tags":[],"class_list":["post-8321","post","type-post","status-publish","format-standard","hentry","category-frisch-von-der-nadel","category-pullover-und-jacken","category-sandnes-garne","category-stricken"],"acf":[],"yoast_head":"<!-- This site is optimized with the Yoast SEO plugin v25.9 - https:\/\/yoast.com\/wordpress\/plugins\/seo\/ -->\n<title>Man muss sich auch mal was g\u00f6nnen - Lanade<\/title>\n<meta name=\"robots\" content=\"index, follow, max-snippet:-1, max-image-preview:large, max-video-preview:-1\" \/>\n<link rel=\"canonical\" href=\"https:\/\/www.lanade.de\/blog\/friday-sweater-mini\/\" \/>\n<meta property=\"og:locale\" content=\"de_DE\" \/>\n<meta property=\"og:type\" content=\"article\" \/>\n<meta property=\"og:title\" content=\"Man muss sich auch mal was g\u00f6nnen - Lanade\" \/>\n<meta property=\"og:description\" content=\"Es ist wieder passiert. Wie so oft. Man kann sich nicht immer dagegen stemmen. Gesehen. Geholt. Angeschlagen. Warum dieses Projekt auf Carolins Nadeln musste, erfahrt ihr heute hier.\" \/>\n<meta property=\"og:url\" content=\"https:\/\/www.lanade.de\/blog\/friday-sweater-mini\/\" \/>\n<meta property=\"og:site_name\" content=\"Lanade\" \/>\n<meta property=\"article:published_time\" content=\"2021-08-19T07:07:28+00:00\" \/>\n<meta property=\"article:modified_time\" content=\"2022-11-02T09:07:14+00:00\" \/>\n<meta property=\"og:image\" content=\"https:\/\/www.lanade.de\/blog\/wp-content\/uploads\/2021\/08\/ld_blog_fridaymini_1.jpg\" \/>\n<meta name=\"author\" content=\"Carolin\" \/>\n<meta name=\"twitter:label1\" content=\"Verfasst von\" \/>\n\t<meta name=\"twitter:data1\" content=\"Carolin\" \/>\n\t<meta name=\"twitter:label2\" content=\"Gesch\u00e4tzte Lesezeit\" \/>\n\t<meta name=\"twitter:data2\" content=\"2\u00a0Minuten\" \/>\n<script type=\"application\/ld+json\" class=\"yoast-schema-graph\">{\"@context\":\"https:\/\/schema.org\",\"@graph\":[{\"@type\":\"WebPage\",\"@id\":\"https:\/\/www.lanade.de\/blog\/friday-sweater-mini\/\",\"url\":\"https:\/\/www.lanade.de\/blog\/friday-sweater-mini\/\",\"name\":\"Man muss sich auch mal was g\u00f6nnen - Lanade\",\"isPartOf\":{\"@id\":\"https:\/\/www.lanade.de\/blog\/#website\"},\"primaryImageOfPage\":{\"@id\":\"https:\/\/www.lanade.de\/blog\/friday-sweater-mini\/#primaryimage\"},\"image\":{\"@id\":\"https:\/\/www.lanade.de\/blog\/friday-sweater-mini\/#primaryimage\"},\"thumbnailUrl\":\"https:\/\/www.lanade.de\/blog\/wp-content\/uploads\/2021\/08\/ld_blog_fridaymini_1.jpg\",\"datePublished\":\"2021-08-19T07:07:28+00:00\",\"dateModified\":\"2022-11-02T09:07:14+00:00\",\"author\":{\"@id\":\"https:\/\/www.lanade.de\/blog\/#\/schema\/person\/2d960be4d527e2a914d2e372a57feee8\"},\"breadcrumb\":{\"@id\":\"https:\/\/www.lanade.de\/blog\/friday-sweater-mini\/#breadcrumb\"},\"inLanguage\":\"de\",\"potentialAction\":[{\"@type\":\"ReadAction\",\"target\":[\"https:\/\/www.lanade.de\/blog\/friday-sweater-mini\/\"]}]},{\"@type\":\"ImageObject\",\"inLanguage\":\"de\",\"@id\":\"https:\/\/www.lanade.de\/blog\/friday-sweater-mini\/#primaryimage\",\"url\":\"https:\/\/www.lanade.de\/blog\/wp-content\/uploads\/2021\/08\/ld_blog_fridaymini_1.jpg\",\"contentUrl\":\"https:\/\/www.lanade.de\/blog\/wp-content\/uploads\/2021\/08\/ld_blog_fridaymini_1.jpg\",\"width\":1356,\"height\":904,\"caption\":\"Bild f\u00fcr Beitrag \u201eFriday Sweater Mini\u201c 1\"},{\"@type\":\"BreadcrumbList\",\"@id\":\"https:\/\/www.lanade.de\/blog\/friday-sweater-mini\/#breadcrumb\",\"itemListElement\":[{\"@type\":\"ListItem\",\"position\":1,\"name\":\"Startseite\",\"item\":\"https:\/\/www.lanade.de\/blog\/\"},{\"@type\":\"ListItem\",\"position\":2,\"name\":\"Man muss sich auch mal was g\u00f6nnen\"}]},{\"@type\":\"WebSite\",\"@id\":\"https:\/\/www.lanade.de\/blog\/#website\",\"url\":\"https:\/\/www.lanade.de\/blog\/\",\"name\":\"Lanade\",\"description\":\"Weil Wolle wahrhaft Wunderbares wirkt.\",\"potentialAction\":[{\"@type\":\"SearchAction\",\"target\":{\"@type\":\"EntryPoint\",\"urlTemplate\":\"https:\/\/www.lanade.de\/blog\/?s={search_term_string}\"},\"query-input\":{\"@type\":\"PropertyValueSpecification\",\"valueRequired\":true,\"valueName\":\"search_term_string\"}}],\"inLanguage\":\"de\"},{\"@type\":\"Person\",\"@id\":\"https:\/\/www.lanade.de\/blog\/#\/schema\/person\/2d960be4d527e2a914d2e372a57feee8\",\"name\":\"Carolin\",\"image\":{\"@type\":\"ImageObject\",\"inLanguage\":\"de\",\"@id\":\"https:\/\/www.lanade.de\/blog\/#\/schema\/person\/image\/\",\"url\":\"https:\/\/secure.gravatar.com\/avatar\/ec8cf96087f513aebb147ad8e7adb0382b2cf7924ffb534dfca41685016157b5?s=96&d=mm&r=g\",\"contentUrl\":\"https:\/\/secure.gravatar.com\/avatar\/ec8cf96087f513aebb147ad8e7adb0382b2cf7924ffb534dfca41685016157b5?s=96&d=mm&r=g\",\"caption\":\"Carolin\"},\"url\":\"https:\/\/www.lanade.de\/blog\/author\/ccrull\/\"}]}<\/script>\n<!-- \/ Yoast SEO plugin. -->","yoast_head_json":{"title":"Man muss sich auch mal was g\u00f6nnen - Lanade","robots":{"index":"index","follow":"follow","max-snippet":"max-snippet:-1","max-image-preview":"max-image-preview:large","max-video-preview":"max-video-preview:-1"},"canonical":"https:\/\/www.lanade.de\/blog\/friday-sweater-mini\/","og_locale":"de_DE","og_type":"article","og_title":"Man muss sich auch mal was g\u00f6nnen - Lanade","og_description":"Es ist wieder passiert. Wie so oft. Man kann sich nicht immer dagegen stemmen. Gesehen. Geholt. Angeschlagen. Warum dieses Projekt auf Carolins Nadeln musste, erfahrt ihr heute hier.","og_url":"https:\/\/www.lanade.de\/blog\/friday-sweater-mini\/","og_site_name":"Lanade","article_published_time":"2021-08-19T07:07:28+00:00","article_modified_time":"2022-11-02T09:07:14+00:00","og_image":[{"url":"https:\/\/www.lanade.de\/blog\/wp-content\/uploads\/2021\/08\/ld_blog_fridaymini_1.jpg","type":"","width":"","height":""}],"author":"Carolin","twitter_misc":{"Verfasst von":"Carolin","Gesch\u00e4tzte Lesezeit":"2\u00a0Minuten"},"schema":{"@context":"https:\/\/schema.org","@graph":[{"@type":"WebPage","@id":"https:\/\/www.lanade.de\/blog\/friday-sweater-mini\/","url":"https:\/\/www.lanade.de\/blog\/friday-sweater-mini\/","name":"Man muss sich auch mal was g\u00f6nnen - Lanade","isPartOf":{"@id":"https:\/\/www.lanade.de\/blog\/#website"},"primaryImageOfPage":{"@id":"https:\/\/www.lanade.de\/blog\/friday-sweater-mini\/#primaryimage"},"image":{"@id":"https:\/\/www.lanade.de\/blog\/friday-sweater-mini\/#primaryimage"},"thumbnailUrl":"https:\/\/www.lanade.de\/blog\/wp-content\/uploads\/2021\/08\/ld_blog_fridaymini_1.jpg","datePublished":"2021-08-19T07:07:28+00:00","dateModified":"2022-11-02T09:07:14+00:00","author":{"@id":"https:\/\/www.lanade.de\/blog\/#\/schema\/person\/2d960be4d527e2a914d2e372a57feee8"},"breadcrumb":{"@id":"https:\/\/www.lanade.de\/blog\/friday-sweater-mini\/#breadcrumb"},"inLanguage":"de","potentialAction":[{"@type":"ReadAction","target":["https:\/\/www.lanade.de\/blog\/friday-sweater-mini\/"]}]},{"@type":"ImageObject","inLanguage":"de","@id":"https:\/\/www.lanade.de\/blog\/friday-sweater-mini\/#primaryimage","url":"https:\/\/www.lanade.de\/blog\/wp-content\/uploads\/2021\/08\/ld_blog_fridaymini_1.jpg","contentUrl":"https:\/\/www.lanade.de\/blog\/wp-content\/uploads\/2021\/08\/ld_blog_fridaymini_1.jpg","width":1356,"height":904,"caption":"Bild f\u00fcr Beitrag \u201eFriday Sweater Mini\u201c 1"},{"@type":"BreadcrumbList","@id":"https:\/\/www.lanade.de\/blog\/friday-sweater-mini\/#breadcrumb","itemListElement":[{"@type":"ListItem","position":1,"name":"Startseite","item":"https:\/\/www.lanade.de\/blog\/"},{"@type":"ListItem","position":2,"name":"Man muss sich auch mal was g\u00f6nnen"}]},{"@type":"WebSite","@id":"https:\/\/www.lanade.de\/blog\/#website","url":"https:\/\/www.lanade.de\/blog\/","name":"Lanade","description":"Weil Wolle wahrhaft Wunderbares wirkt.","potentialAction":[{"@type":"SearchAction","target":{"@type":"EntryPoint","urlTemplate":"https:\/\/www.lanade.de\/blog\/?s={search_term_string}"},"query-input":{"@type":"PropertyValueSpecification","valueRequired":true,"valueName":"search_term_string"}}],"inLanguage":"de"},{"@type":"Person","@id":"https:\/\/www.lanade.de\/blog\/#\/schema\/person\/2d960be4d527e2a914d2e372a57feee8","name":"Carolin","image":{"@type":"ImageObject","inLanguage":"de","@id":"https:\/\/www.lanade.de\/blog\/#\/schema\/person\/image\/","url":"https:\/\/secure.gravatar.com\/avatar\/ec8cf96087f513aebb147ad8e7adb0382b2cf7924ffb534dfca41685016157b5?s=96&d=mm&r=g","contentUrl":"https:\/\/secure.gravatar.com\/avatar\/ec8cf96087f513aebb147ad8e7adb0382b2cf7924ffb534dfca41685016157b5?s=96&d=mm&r=g","caption":"Carolin"},"url":"https:\/\/www.lanade.de\/blog\/author\/ccrull\/"}]}},"_links":{"self":[{"href":"https:\/\/www.lanade.de\/blog\/wp-json\/wp\/v2\/posts\/8321","targetHints":{"allow":["GET"]}}],"collection":[{"href":"https:\/\/www.lanade.de\/blog\/wp-json\/wp\/v2\/posts"}],"about":[{"href":"https:\/\/www.lanade.de\/blog\/wp-json\/wp\/v2\/types\/post"}],"author":[{"embeddable":true,"href":"https:\/\/www.lanade.de\/blog\/wp-json\/wp\/v2\/users\/3"}],"replies":[{"embeddable":true,"href":"https:\/\/www.lanade.de\/blog\/wp-json\/wp\/v2\/comments?post=8321"}],"version-history":[{"count":10,"href":"https:\/\/www.lanade.de\/blog\/wp-json\/wp\/v2\/posts\/8321\/revisions"}],"predecessor-version":[{"id":9334,"href":"https:\/\/www.lanade.de\/blog\/wp-json\/wp\/v2\/posts\/8321\/revisions\/9334"}],"wp:attachment":[{"href":"https:\/\/www.lanade.de\/blog\/wp-json\/wp\/v2\/media?parent=8321"}],"wp:term":[{"taxonomy":"category","embeddable":true,"href":"https:\/\/www.lanade.de\/blog\/wp-json\/wp\/v2\/categories?post=8321"},{"taxonomy":"post_tag","embeddable":true,"href":"https:\/\/www.lanade.de\/blog\/wp-json\/wp\/v2\/tags?post=8321"}],"curies":[{"name":"wp","href":"https:\/\/api.w.org\/{rel}","templated":true}]}}