{"id":8062,"date":"2021-03-25T15:23:32","date_gmt":"2021-03-25T14:23:32","guid":{"rendered":"https:\/\/www.lanade.de\/blog\/?p=8062"},"modified":"2021-03-25T15:23:32","modified_gmt":"2021-03-25T14:23:32","slug":"bc-garn-semilla-cable","status":"publish","type":"post","link":"https:\/\/www.lanade.de\/blog\/bc-garn-semilla-cable\/","title":{"rendered":"Semilla Cabl\u00e9 Ol\u00e9!"},"content":{"rendered":"<p>Hach, ich freu mich. Heute darf ich euch n\u00e4mlich etwas \u00fcber die <a href=\"https:\/\/www.lanade.de\/bc-garn\/bc-garn-semilla-cable\/\"><strong>Semilla Cabl\u00e9<\/strong><\/a> erz\u00e4hlen. Die ist genau wie <a href=\"https:\/\/www.lanade.de\/bc-garn\/bc-garn-semilla\/\">Semilla<\/a>, <a href=\"https:\/\/www.lanade.de\/bc-garn\/bc-garn-semilla-pura\/\">Semilla Pura<\/a> und <a href=\"https:\/\/www.lanade.de\/bc-garn\/bc-garn-semilla-melange\/\">Semilla Melange<\/a> von <a href=\"https:\/\/www.lanade.de\/bc-garn\">BC Garn<\/a> und neu bei uns im Shop \u2013 geht sie euch mal angucken, wenn ihr sie noch nicht gesehen habt! Oder wir schauen uns zusammen das Garn gleich hier aus der N\u00e4he an:<\/p>\n<p><img loading=\"lazy\" decoding=\"async\" class=\"alignnone size-full wp-image-8078\" src=\"https:\/\/www.lanade.de\/blog\/wp-content\/uploads\/2021\/03\/ld_blog_cable_1.jpg\" alt=\"Bild f\u00fcr Beitrag \u201eSemilla Cabl\u00e9\u201c 1\" width=\"1356\" height=\"904\" srcset=\"https:\/\/www.lanade.de\/blog\/wp-content\/uploads\/2021\/03\/ld_blog_cable_1.jpg 1356w, https:\/\/www.lanade.de\/blog\/wp-content\/uploads\/2021\/03\/ld_blog_cable_1-300x200.jpg 300w, https:\/\/www.lanade.de\/blog\/wp-content\/uploads\/2021\/03\/ld_blog_cable_1-768x512.jpg 768w, https:\/\/www.lanade.de\/blog\/wp-content\/uploads\/2021\/03\/ld_blog_cable_1-600x400.jpg 600w\" sizes=\"auto, (max-width: 1356px) 100vw, 1356px\" \/><\/p>\n<p><!--more-->Habt ihr gesehen? Die Semilla Cabl\u00e9 ist ein Kettgarn, also eine ganz feine I-Cord-Wurst, wie wir sie vermutlich alle als Kinder mit der Strickliesel produziert haben. Meine erste Reaktion beim Erstkontakt mit diesem Garn war so in etwa: <em>\u2026 aha.<\/em> Und meine zweite Reaktion: <em>Braucht man das, wenn es schon Semilla, Semilla Pura und Semilla Melange gibt?<\/em><\/p>\n<p>Es hat sich dann recht schnell herausgestellt: <em>Ja, doch.<\/em> Das braucht die Welt unbedingt!<\/p>\n<p>Semilla Cabl\u00e9 hat n\u00e4mlich eine \u2013 f\u00fcr mein Empfinden \u2013 einzigartige Haptik. In meinen Jahren als Strickerin und H\u00e4klerin habe ich ja nun einige Garne in den H\u00e4nden gehabt, darunter auch so manche Kettgarne. Von anderen Herstellern kannte ich diesen Garntyp bisher immer nur mit Anteilen von Seide, Kaschmir oder Alpaka und mit dem Ziel, diesen sehr geschmeidigen Fasern durch diese Spinntechnik etwas Struktur zu verleihen. Gerade Seide und Alpaka k\u00f6nnen n\u00e4mlich als klassisch verzwirnte Garne sonst schnell lappig und platt werden.<\/p>\n<p>Bei der <a href=\"https:\/\/www.lanade.de\/bc-garn\/bc-garn-semilla-cable\">Semilla Cabl\u00e9<\/a> allerdings haben wir nur diese weiche und trotzdem robuste Schurwolle, die auch im Rest der Semilla-Familie zu finden ist. Keine Seide, kein Kaschmir, keine Kinkerlitzchen. Das verleiht dem Garnschlauch eine ganz wundervolle Griffigkeit, die ich so noch nie erlebt habe. Auch wenn ich es immer sch\u00f6n finde, wenn ich weiche Merinowolle verstricke, hatten meine H\u00e4nde richtig Spa\u00df daran, die Semilla Cabl\u00e9 zu verarbeiten. Irgendwie habe ich es dadurch auch geschafft, einen kompletten Pullover in nur etwas \u00fcber einer Woche fertig zu kriegen. Ich habe keine Ahnung, wie ich das gemacht habe!<\/p>\n<p><img loading=\"lazy\" decoding=\"async\" class=\"alignnone size-full wp-image-8079\" src=\"https:\/\/www.lanade.de\/blog\/wp-content\/uploads\/2021\/03\/ld_blog_cable_2.jpg\" alt=\"Bild f\u00fcr Beitrag \u201eSemilla Cabl\u00e9\u201c 2\" width=\"1356\" height=\"904\" srcset=\"https:\/\/www.lanade.de\/blog\/wp-content\/uploads\/2021\/03\/ld_blog_cable_2.jpg 1356w, https:\/\/www.lanade.de\/blog\/wp-content\/uploads\/2021\/03\/ld_blog_cable_2-300x200.jpg 300w, https:\/\/www.lanade.de\/blog\/wp-content\/uploads\/2021\/03\/ld_blog_cable_2-768x512.jpg 768w, https:\/\/www.lanade.de\/blog\/wp-content\/uploads\/2021\/03\/ld_blog_cable_2-600x400.jpg 600w\" sizes=\"auto, (max-width: 1356px) 100vw, 1356px\" \/><\/p>\n<p>Ausgesucht hatte ich mir das Modell \u201eFranca\u201c von Regina Moessmer, weil es tats\u00e4chlich von der Designerin f\u00fcr dieses Garn entworfen wurde. Regina Moessemer hat auch an der Entwicklung der Farbpalette des Garns mitgearbeitet, was mir die Farbwahl f\u00fcr den Pullover allerdings nicht einfacher gemacht hat. Das sch\u00f6ne gedeckte Dunkelrot <em>Wild Ginger<\/em> musste es auf jeden Fall sein, aber mit welcher Kontrastfarbe? Die sind alle so toll!<\/p>\n<p>Am Ende habe ich mich vom Profi beraten lassen, sprich: von Carolin. Sie hat mir <em>Old Rose<\/em> f\u00fcr den Streifen mit dem Zopfmuster empfohlen \u2013 eine Farbe, die mich in Garnform etwas skeptisch gemacht hat, aber am Pullover dann gro\u00dfartig passte. So gut, dass ich auf die zweite Kontrastfarbe f\u00fcr die B\u00fcndchen verzichtet habe, damit der Pullover ganz friedlich Ton in Ton bleibt.<\/p>\n<p>Die Anleitung hat mir sehr gut gefallen, obwohl es sich auf den ersten Blick um einen relativ einfachen Raglanpullover handelt, der von oben nach unten in einem St\u00fcck gestrickt wird. Regina Moessmer hat sich aber an vielen Stellen Gedanken gemacht, um die Passform zu verbessern. So gibt es zum Beispiel verk\u00fcrzte Reihen, um den Ausschnitt nicht nur vorne, sondern auch im Nacken etwas zu runden. Und ein paar unauff\u00e4llige Zunahmen an den Schultern, damit der Pullover die Rundung etwas besser mitmacht. Bravo!<\/p>\n<p><img loading=\"lazy\" decoding=\"async\" class=\"alignnone size-full wp-image-8080\" src=\"https:\/\/www.lanade.de\/blog\/wp-content\/uploads\/2021\/03\/ld_blog_cable_3.jpg\" alt=\"Bild f\u00fcr Beitrag \u201eSemilla Cabl\u00e9\u201c 3\" width=\"1356\" height=\"904\" srcset=\"https:\/\/www.lanade.de\/blog\/wp-content\/uploads\/2021\/03\/ld_blog_cable_3.jpg 1356w, https:\/\/www.lanade.de\/blog\/wp-content\/uploads\/2021\/03\/ld_blog_cable_3-300x200.jpg 300w, https:\/\/www.lanade.de\/blog\/wp-content\/uploads\/2021\/03\/ld_blog_cable_3-768x512.jpg 768w, https:\/\/www.lanade.de\/blog\/wp-content\/uploads\/2021\/03\/ld_blog_cable_3-600x400.jpg 600w\" sizes=\"auto, (max-width: 1356px) 100vw, 1356px\" \/><\/p>\n<p>Beim Streifen in der Kontrastfarbe hatte ich vorab etwas Sorge, dass das Zopfmuster den Pullover etwas zusammenziehen und mir so eine kleine R\u00fcsche verleihen k\u00f6nnte. V\u00f6llig unbegr\u00fcndet. Denn zum einen hat die Designerin auch hier mitgedacht und eine unauff\u00e4llige Zunahme im Muster versteckt. Und zum anderen ist das Garn so kooperativ und flexibel, dass es das Zopfmuster ohne zu murren mitmacht.<\/p>\n<p><img loading=\"lazy\" decoding=\"async\" class=\"alignnone size-full wp-image-8081\" src=\"https:\/\/www.lanade.de\/blog\/wp-content\/uploads\/2021\/03\/ld_blog_cable_4.jpg\" alt=\"Bild f\u00fcr Beitrag \u201eSemilla Cabl\u00e9\u201c 4\" width=\"1356\" height=\"904\" srcset=\"https:\/\/www.lanade.de\/blog\/wp-content\/uploads\/2021\/03\/ld_blog_cable_4.jpg 1356w, https:\/\/www.lanade.de\/blog\/wp-content\/uploads\/2021\/03\/ld_blog_cable_4-300x200.jpg 300w, https:\/\/www.lanade.de\/blog\/wp-content\/uploads\/2021\/03\/ld_blog_cable_4-768x512.jpg 768w, https:\/\/www.lanade.de\/blog\/wp-content\/uploads\/2021\/03\/ld_blog_cable_4-600x400.jpg 600w\" sizes=\"auto, (max-width: 1356px) 100vw, 1356px\" \/><\/p>\n<p>Mein Tipp ist \u00fcbrigens, bei diesem Garn eher stumpfere Nadeln zu nehmen. Meine <a href=\"https:\/\/www.lanade.de\/nadeln#cat=knitpro-symfonie&amp;nadelart=nadelspitzen&amp;gan_data=true\">KnitPro-Symfonie-Nadelspitzen<\/a> fand ich ideal, w\u00e4hrend ich mit den ultraspitzen <a href=\"https:\/\/www.lanade.de\/nadeln#cat=chiaogoo-edelstahl,chiaogoo-bambus,chiaogoo-nadelseile&amp;gan_data=true\">Chiaogoo<\/a>-Nadeln immer wieder versehentlich im I-Cord-Gewebe des Garns h\u00e4ngen geblieben bin. Wer beim Stricken mehr hinsieht und weniger quatscht als ich, hat aber vermutlich auch mit anderen Nadeln Erfolg.<\/p>\n<p>Nach dem Bad hat mein Pullover dann noch minimal an L\u00e4nge gewonnen, aber seine Griffigkeit behalten. Nicht merinoweich, aber auch nicht kratzig \u2013 einfach genau richtig und durch die Garnstruktur sch\u00f6n langlebig. Ich bin ein Fan der <a href=\"https:\/\/www.lanade.de\/bc-garn\/bc-garn-semilla-cable\">Semilla Cabl\u00e9<\/a>!<\/p>\n<p><img loading=\"lazy\" decoding=\"async\" class=\"alignnone size-full wp-image-8082\" src=\"https:\/\/www.lanade.de\/blog\/wp-content\/uploads\/2021\/03\/ld_blog_cable_5.jpg\" alt=\"Bild f\u00fcr Beitrag \u201eSemilla Cabl\u00e9\u201c 5\" width=\"1356\" height=\"1356\" srcset=\"https:\/\/www.lanade.de\/blog\/wp-content\/uploads\/2021\/03\/ld_blog_cable_5.jpg 1356w, https:\/\/www.lanade.de\/blog\/wp-content\/uploads\/2021\/03\/ld_blog_cable_5-150x150.jpg 150w, https:\/\/www.lanade.de\/blog\/wp-content\/uploads\/2021\/03\/ld_blog_cable_5-300x300.jpg 300w, https:\/\/www.lanade.de\/blog\/wp-content\/uploads\/2021\/03\/ld_blog_cable_5-768x768.jpg 768w, https:\/\/www.lanade.de\/blog\/wp-content\/uploads\/2021\/03\/ld_blog_cable_5-600x600.jpg 600w\" sizes=\"auto, (max-width: 1356px) 100vw, 1356px\" \/><\/p>\n<p>Anleitung: <a href=\"https:\/\/href.li\/?https:\/\/www.ravelry.com\/patterns\/library\/franca-2\" target=\"_blank\" rel=\"noopener\">Franca<\/a> von <a href=\"https:\/\/www.ravelry.com\/designers\/regina-moessmer\" target=\"_blank\" rel=\"noopener\">Regina Moessmer<\/a>, Gr\u00f6\u00dfe S<br \/>\nGarn: <a href=\"https:\/\/www.lanade.de\/bc-garn\/bc-garn-semilla-cable\">BC Garn Semilla Cabl\u00e9<\/a>, 7\u00d7 Farbe <em>06, Wild Ginger<\/em>, 2\u00d7 Farbe <em>05, Old Rose<\/em><br \/>\nNadeln: <a href=\"https:\/\/www.lanade.de\/nadeln#cat=knitpro-symfonie&amp;durchmesser=3_0_mm,3_5_mm&amp;nadelart=nadelspitzen&amp;gan_data=true\">KnitPro Symfonie Nadelspitzen und Nadelspiel<\/a> in 3,5 mm (3,0 mm f\u00fcr die B\u00fcndchen)<\/p>\n","protected":false},"excerpt":{"rendered":"<p>Noch \u2019ne Semilla &#8230;? Ja, bitte! Die GOTS-zertifizierten Schurwollen von BC sind schlie\u00dflich echte Hand- und Augenschmeichler und schleichen sich eins nach dem anderen in jedes Garnliebhaber-Herz. Wir zeigen euch, was die BC Garn Semilla Cabl\u00e9 kann.<\/p>\n","protected":false},"author":9,"featured_media":0,"comment_status":"open","ping_status":"closed","sticky":false,"template":"","format":"standard","meta":{"_acf_changed":false,"footnotes":""},"categories":[49,1,22,20],"tags":[],"class_list":["post-8062","post","type-post","status-publish","format-standard","hentry","category-bc-garne","category-neuigkeiten","category-pullover-und-jacken","category-stricken"],"acf":[],"yoast_head":"<!-- This site is optimized with the Yoast SEO plugin v25.9 - https:\/\/yoast.com\/wordpress\/plugins\/seo\/ -->\n<title>Semilla Cabl\u00e9 Ol\u00e9! - Lanade<\/title>\n<meta name=\"robots\" content=\"index, follow, max-snippet:-1, max-image-preview:large, max-video-preview:-1\" \/>\n<link rel=\"canonical\" href=\"https:\/\/www.lanade.de\/blog\/bc-garn-semilla-cable\/\" \/>\n<meta property=\"og:locale\" content=\"de_DE\" \/>\n<meta property=\"og:type\" content=\"article\" \/>\n<meta property=\"og:title\" content=\"Semilla Cabl\u00e9 Ol\u00e9! - Lanade\" \/>\n<meta property=\"og:description\" content=\"Noch \u2019ne Semilla ...? Ja, bitte! Die GOTS-zertifizierten Schurwollen von BC sind schlie\u00dflich echte Hand- und Augenschmeichler und schleichen sich eins nach dem anderen in jedes Garnliebhaber-Herz. Wir zeigen euch, was die BC Garn Semilla Cabl\u00e9 kann.\" \/>\n<meta property=\"og:url\" content=\"https:\/\/www.lanade.de\/blog\/bc-garn-semilla-cable\/\" \/>\n<meta property=\"og:site_name\" content=\"Lanade\" \/>\n<meta property=\"article:published_time\" content=\"2021-03-25T14:23:32+00:00\" \/>\n<meta property=\"og:image\" content=\"https:\/\/www.lanade.de\/blog\/wp-content\/uploads\/2021\/03\/ld_blog_cable_1.jpg\" \/>\n<meta name=\"author\" content=\"Nina\" \/>\n<meta name=\"twitter:label1\" content=\"Verfasst von\" \/>\n\t<meta name=\"twitter:data1\" content=\"Nina\" \/>\n\t<meta name=\"twitter:label2\" content=\"Gesch\u00e4tzte Lesezeit\" \/>\n\t<meta name=\"twitter:data2\" content=\"4\u00a0Minuten\" \/>\n<script type=\"application\/ld+json\" class=\"yoast-schema-graph\">{\"@context\":\"https:\/\/schema.org\",\"@graph\":[{\"@type\":\"WebPage\",\"@id\":\"https:\/\/www.lanade.de\/blog\/bc-garn-semilla-cable\/\",\"url\":\"https:\/\/www.lanade.de\/blog\/bc-garn-semilla-cable\/\",\"name\":\"Semilla Cabl\u00e9 Ol\u00e9! - Lanade\",\"isPartOf\":{\"@id\":\"https:\/\/www.lanade.de\/blog\/#website\"},\"primaryImageOfPage\":{\"@id\":\"https:\/\/www.lanade.de\/blog\/bc-garn-semilla-cable\/#primaryimage\"},\"image\":{\"@id\":\"https:\/\/www.lanade.de\/blog\/bc-garn-semilla-cable\/#primaryimage\"},\"thumbnailUrl\":\"https:\/\/www.lanade.de\/blog\/wp-content\/uploads\/2021\/03\/ld_blog_cable_1.jpg\",\"datePublished\":\"2021-03-25T14:23:32+00:00\",\"author\":{\"@id\":\"https:\/\/www.lanade.de\/blog\/#\/schema\/person\/3d2f552910f5405414d2727289832a75\"},\"breadcrumb\":{\"@id\":\"https:\/\/www.lanade.de\/blog\/bc-garn-semilla-cable\/#breadcrumb\"},\"inLanguage\":\"de\",\"potentialAction\":[{\"@type\":\"ReadAction\",\"target\":[\"https:\/\/www.lanade.de\/blog\/bc-garn-semilla-cable\/\"]}]},{\"@type\":\"ImageObject\",\"inLanguage\":\"de\",\"@id\":\"https:\/\/www.lanade.de\/blog\/bc-garn-semilla-cable\/#primaryimage\",\"url\":\"https:\/\/www.lanade.de\/blog\/wp-content\/uploads\/2021\/03\/ld_blog_cable_1.jpg\",\"contentUrl\":\"https:\/\/www.lanade.de\/blog\/wp-content\/uploads\/2021\/03\/ld_blog_cable_1.jpg\",\"width\":1356,\"height\":904,\"caption\":\"Bild f\u00fcr Beitrag \u201eSemilla Cabl\u00e9\u201c 1\"},{\"@type\":\"BreadcrumbList\",\"@id\":\"https:\/\/www.lanade.de\/blog\/bc-garn-semilla-cable\/#breadcrumb\",\"itemListElement\":[{\"@type\":\"ListItem\",\"position\":1,\"name\":\"Startseite\",\"item\":\"https:\/\/www.lanade.de\/blog\/\"},{\"@type\":\"ListItem\",\"position\":2,\"name\":\"Semilla Cabl\u00e9 Ol\u00e9!\"}]},{\"@type\":\"WebSite\",\"@id\":\"https:\/\/www.lanade.de\/blog\/#website\",\"url\":\"https:\/\/www.lanade.de\/blog\/\",\"name\":\"Lanade\",\"description\":\"Weil Wolle wahrhaft Wunderbares wirkt.\",\"potentialAction\":[{\"@type\":\"SearchAction\",\"target\":{\"@type\":\"EntryPoint\",\"urlTemplate\":\"https:\/\/www.lanade.de\/blog\/?s={search_term_string}\"},\"query-input\":{\"@type\":\"PropertyValueSpecification\",\"valueRequired\":true,\"valueName\":\"search_term_string\"}}],\"inLanguage\":\"de\"},{\"@type\":\"Person\",\"@id\":\"https:\/\/www.lanade.de\/blog\/#\/schema\/person\/3d2f552910f5405414d2727289832a75\",\"name\":\"Nina\",\"image\":{\"@type\":\"ImageObject\",\"inLanguage\":\"de\",\"@id\":\"https:\/\/www.lanade.de\/blog\/#\/schema\/person\/image\/\",\"url\":\"https:\/\/secure.gravatar.com\/avatar\/86c4afb1ddef19147a871b258d7902636a0014de8c59ea2a1408e58355c111c7?s=96&d=mm&r=g\",\"contentUrl\":\"https:\/\/secure.gravatar.com\/avatar\/86c4afb1ddef19147a871b258d7902636a0014de8c59ea2a1408e58355c111c7?s=96&d=mm&r=g\",\"caption\":\"Nina\"},\"url\":\"https:\/\/www.lanade.de\/blog\/author\/nschaffrin\/\"}]}<\/script>\n<!-- \/ Yoast SEO plugin. -->","yoast_head_json":{"title":"Semilla Cabl\u00e9 Ol\u00e9! - Lanade","robots":{"index":"index","follow":"follow","max-snippet":"max-snippet:-1","max-image-preview":"max-image-preview:large","max-video-preview":"max-video-preview:-1"},"canonical":"https:\/\/www.lanade.de\/blog\/bc-garn-semilla-cable\/","og_locale":"de_DE","og_type":"article","og_title":"Semilla Cabl\u00e9 Ol\u00e9! - Lanade","og_description":"Noch \u2019ne Semilla ...? Ja, bitte! Die GOTS-zertifizierten Schurwollen von BC sind schlie\u00dflich echte Hand- und Augenschmeichler und schleichen sich eins nach dem anderen in jedes Garnliebhaber-Herz. Wir zeigen euch, was die BC Garn Semilla Cabl\u00e9 kann.","og_url":"https:\/\/www.lanade.de\/blog\/bc-garn-semilla-cable\/","og_site_name":"Lanade","article_published_time":"2021-03-25T14:23:32+00:00","og_image":[{"url":"https:\/\/www.lanade.de\/blog\/wp-content\/uploads\/2021\/03\/ld_blog_cable_1.jpg","type":"","width":"","height":""}],"author":"Nina","twitter_misc":{"Verfasst von":"Nina","Gesch\u00e4tzte Lesezeit":"4\u00a0Minuten"},"schema":{"@context":"https:\/\/schema.org","@graph":[{"@type":"WebPage","@id":"https:\/\/www.lanade.de\/blog\/bc-garn-semilla-cable\/","url":"https:\/\/www.lanade.de\/blog\/bc-garn-semilla-cable\/","name":"Semilla Cabl\u00e9 Ol\u00e9! - Lanade","isPartOf":{"@id":"https:\/\/www.lanade.de\/blog\/#website"},"primaryImageOfPage":{"@id":"https:\/\/www.lanade.de\/blog\/bc-garn-semilla-cable\/#primaryimage"},"image":{"@id":"https:\/\/www.lanade.de\/blog\/bc-garn-semilla-cable\/#primaryimage"},"thumbnailUrl":"https:\/\/www.lanade.de\/blog\/wp-content\/uploads\/2021\/03\/ld_blog_cable_1.jpg","datePublished":"2021-03-25T14:23:32+00:00","author":{"@id":"https:\/\/www.lanade.de\/blog\/#\/schema\/person\/3d2f552910f5405414d2727289832a75"},"breadcrumb":{"@id":"https:\/\/www.lanade.de\/blog\/bc-garn-semilla-cable\/#breadcrumb"},"inLanguage":"de","potentialAction":[{"@type":"ReadAction","target":["https:\/\/www.lanade.de\/blog\/bc-garn-semilla-cable\/"]}]},{"@type":"ImageObject","inLanguage":"de","@id":"https:\/\/www.lanade.de\/blog\/bc-garn-semilla-cable\/#primaryimage","url":"https:\/\/www.lanade.de\/blog\/wp-content\/uploads\/2021\/03\/ld_blog_cable_1.jpg","contentUrl":"https:\/\/www.lanade.de\/blog\/wp-content\/uploads\/2021\/03\/ld_blog_cable_1.jpg","width":1356,"height":904,"caption":"Bild f\u00fcr Beitrag \u201eSemilla Cabl\u00e9\u201c 1"},{"@type":"BreadcrumbList","@id":"https:\/\/www.lanade.de\/blog\/bc-garn-semilla-cable\/#breadcrumb","itemListElement":[{"@type":"ListItem","position":1,"name":"Startseite","item":"https:\/\/www.lanade.de\/blog\/"},{"@type":"ListItem","position":2,"name":"Semilla Cabl\u00e9 Ol\u00e9!"}]},{"@type":"WebSite","@id":"https:\/\/www.lanade.de\/blog\/#website","url":"https:\/\/www.lanade.de\/blog\/","name":"Lanade","description":"Weil Wolle wahrhaft Wunderbares wirkt.","potentialAction":[{"@type":"SearchAction","target":{"@type":"EntryPoint","urlTemplate":"https:\/\/www.lanade.de\/blog\/?s={search_term_string}"},"query-input":{"@type":"PropertyValueSpecification","valueRequired":true,"valueName":"search_term_string"}}],"inLanguage":"de"},{"@type":"Person","@id":"https:\/\/www.lanade.de\/blog\/#\/schema\/person\/3d2f552910f5405414d2727289832a75","name":"Nina","image":{"@type":"ImageObject","inLanguage":"de","@id":"https:\/\/www.lanade.de\/blog\/#\/schema\/person\/image\/","url":"https:\/\/secure.gravatar.com\/avatar\/86c4afb1ddef19147a871b258d7902636a0014de8c59ea2a1408e58355c111c7?s=96&d=mm&r=g","contentUrl":"https:\/\/secure.gravatar.com\/avatar\/86c4afb1ddef19147a871b258d7902636a0014de8c59ea2a1408e58355c111c7?s=96&d=mm&r=g","caption":"Nina"},"url":"https:\/\/www.lanade.de\/blog\/author\/nschaffrin\/"}]}},"_links":{"self":[{"href":"https:\/\/www.lanade.de\/blog\/wp-json\/wp\/v2\/posts\/8062","targetHints":{"allow":["GET"]}}],"collection":[{"href":"https:\/\/www.lanade.de\/blog\/wp-json\/wp\/v2\/posts"}],"about":[{"href":"https:\/\/www.lanade.de\/blog\/wp-json\/wp\/v2\/types\/post"}],"author":[{"embeddable":true,"href":"https:\/\/www.lanade.de\/blog\/wp-json\/wp\/v2\/users\/9"}],"replies":[{"embeddable":true,"href":"https:\/\/www.lanade.de\/blog\/wp-json\/wp\/v2\/comments?post=8062"}],"version-history":[{"count":9,"href":"https:\/\/www.lanade.de\/blog\/wp-json\/wp\/v2\/posts\/8062\/revisions"}],"predecessor-version":[{"id":8084,"href":"https:\/\/www.lanade.de\/blog\/wp-json\/wp\/v2\/posts\/8062\/revisions\/8084"}],"wp:attachment":[{"href":"https:\/\/www.lanade.de\/blog\/wp-json\/wp\/v2\/media?parent=8062"}],"wp:term":[{"taxonomy":"category","embeddable":true,"href":"https:\/\/www.lanade.de\/blog\/wp-json\/wp\/v2\/categories?post=8062"},{"taxonomy":"post_tag","embeddable":true,"href":"https:\/\/www.lanade.de\/blog\/wp-json\/wp\/v2\/tags?post=8062"}],"curies":[{"name":"wp","href":"https:\/\/api.w.org\/{rel}","templated":true}]}}