{"id":7032,"date":"2019-10-22T13:42:22","date_gmt":"2019-10-22T11:42:22","guid":{"rendered":"https:\/\/www.lanade.de\/blog\/?p=7032"},"modified":"2022-01-24T14:42:55","modified_gmt":"2022-01-24T13:42:55","slug":"weihnachtswestwind","status":"publish","type":"post","link":"https:\/\/www.lanade.de\/blog\/weihnachtswestwind\/","title":{"rendered":"Weihnachtswestwind"},"content":{"rendered":"<p>Hua! Frisch heute morgen. Ich hab sogar Socken angezogen, es muss bald Weihnachten sein \ud83d\ude09\u00a0Und tats\u00e4chlich, selbst die Stricksachen auf meiner Nadel bekommen laaangsam aber sicher lange \u00c4rmel. Eines davon wird ein Geschenk und soll deswegen heute in der Reihe <strong>\u201e12 bis 12, der Weihnachts-KAL\u201c<\/strong> gezeigt werden.<\/p>\n<p><img loading=\"lazy\" decoding=\"async\" class=\"aligncenter size-full wp-image-7074\" src=\"https:\/\/www.lanade.de\/blog\/wp-content\/uploads\/2019\/10\/ld_blog_wwwind_1.jpg\" alt=\"Bild f\u00fcr Beitrag \u201eWeihnachtswestwind\u201c 1\" width=\"1356\" height=\"904\" srcset=\"https:\/\/www.lanade.de\/blog\/wp-content\/uploads\/2019\/10\/ld_blog_wwwind_1.jpg 1356w, https:\/\/www.lanade.de\/blog\/wp-content\/uploads\/2019\/10\/ld_blog_wwwind_1-300x200.jpg 300w, https:\/\/www.lanade.de\/blog\/wp-content\/uploads\/2019\/10\/ld_blog_wwwind_1-768x512.jpg 768w, https:\/\/www.lanade.de\/blog\/wp-content\/uploads\/2019\/10\/ld_blog_wwwind_1-600x400.jpg 600w\" sizes=\"auto, (max-width: 1356px) 100vw, 1356px\" \/><\/p>\n<p><!--more-->Ich kann mich immer nur schwer vom Sommer trennen (siehe Socken) und deswegen ist auch mein Weihnachts-KAL-Projekt noch ziemlich sommerlich angehaucht. Auf die Idee kam ich, nachdem ich im Urlaub den lang versprochenen neuen <a href=\"https:\/\/www.lanade.de\/blog\/westwind\/\" rel=\"noopener\">Westwind<\/a> aus <a href=\"https:\/\/www.lanade.de\/bc-garn\/bc-garn-alba\/\" rel=\"noopener\">BC Garn Alba<\/a> f\u00fcr meine Tochter abgekettet hatte. Das ist er \u00fcbrigens:<\/p>\n<p><img loading=\"lazy\" decoding=\"async\" class=\"aligncenter size-full wp-image-7076\" src=\"https:\/\/www.lanade.de\/blog\/wp-content\/uploads\/2019\/10\/ld_blog_wwwind_3.jpg\" alt=\"Bild f\u00fcr Beitrag \u201eWeihnachtswestwind\u201c 3\" width=\"1356\" height=\"1356\" srcset=\"https:\/\/www.lanade.de\/blog\/wp-content\/uploads\/2019\/10\/ld_blog_wwwind_3.jpg 1356w, https:\/\/www.lanade.de\/blog\/wp-content\/uploads\/2019\/10\/ld_blog_wwwind_3-150x150.jpg 150w, https:\/\/www.lanade.de\/blog\/wp-content\/uploads\/2019\/10\/ld_blog_wwwind_3-300x300.jpg 300w, https:\/\/www.lanade.de\/blog\/wp-content\/uploads\/2019\/10\/ld_blog_wwwind_3-768x768.jpg 768w, https:\/\/www.lanade.de\/blog\/wp-content\/uploads\/2019\/10\/ld_blog_wwwind_3-600x600.jpg 600w\" sizes=\"auto, (max-width: 1356px) 100vw, 1356px\" \/><\/p>\n<p>Sie liebt ihn hei\u00df und innig und trug ihn, trotz Baumwolle und Lochmuster, bis in die gar nicht mal so warmen Bornholmer Sommerabendstunden hinein. Potential erkannt, kurz Garn und Opfer ausgesucht und schwupps: neues Projekt angenadelt. Da wird nicht lang gefackelt \u2026<\/p>\n<p>Die Wahl fiel auf\u00a0<a href=\"https:\/\/www.lanade.de\/malabrigo\/malabrigo-susurro\" rel=\"noopener\">Susurro<\/a>, unser neues Maulbeerseide-Merino-Leinen-Mischgarn von Malabrigo. Die beinahe <em>zu<\/em> perfekte Weichheit und der Glanz, den ihr vielleicht schon von der Silky Merino kennt, wird hier mit einem relativ \u201eextrovertierten\u201c Leinenanteil abgerundet, was dem Ganzen einen sehr interessanten, kontrastreichen Charakter verleiht. \u00dcberirdisch mit Aura sozusagen, musste ich unbedingt mal ausprobieren.<\/p>\n<p><img loading=\"lazy\" decoding=\"async\" class=\"aligncenter size-full wp-image-7077\" src=\"https:\/\/www.lanade.de\/blog\/wp-content\/uploads\/2019\/10\/ld_blog_wwwind_4.jpg\" alt=\"Bild f\u00fcr Beitrag \u201eWeihnachtswestwind\u201c 4\" width=\"1356\" height=\"904\" srcset=\"https:\/\/www.lanade.de\/blog\/wp-content\/uploads\/2019\/10\/ld_blog_wwwind_4.jpg 1356w, https:\/\/www.lanade.de\/blog\/wp-content\/uploads\/2019\/10\/ld_blog_wwwind_4-300x200.jpg 300w, https:\/\/www.lanade.de\/blog\/wp-content\/uploads\/2019\/10\/ld_blog_wwwind_4-768x512.jpg 768w, https:\/\/www.lanade.de\/blog\/wp-content\/uploads\/2019\/10\/ld_blog_wwwind_4-600x400.jpg 600w\" sizes=\"auto, (max-width: 1356px) 100vw, 1356px\" \/><\/p>\n<p>Da ich eine Babygr\u00f6\u00dfe gestrickt habe und mir das Lochmuster sowieso noch in den Fingern sa\u00df, war ich schnell fertig mit dem Hauptteil und habe dem guten St\u00fcck als Zugest\u00e4ndnis an den nahenden Winter gleich noch zwei lange \u00c4rmel spendiert. Sp\u00e4testens mit einem Shirt \u2013 oder hier vielleicht Body \u2013 drunter ist das Teil so absolut tauglich f\u00fcr Wintertage in beheizten Wohnlagen.<\/p>\n<p>Wie man sieht, tritt das Muster bei dieser Version, im Vergleich zu der einfarbigen aus <a href=\"https:\/\/www.lanade.de\/bc-garn\/bc-garn-alba\/\">BC Alba<\/a>, ein bisschen in den Hintergrund, daf\u00fcr kommen die Susurro-exklusive F\u00e4rbung (<em>Tigers Eye<\/em> \u2013 Tigerauge) und die Struktur des Garns sehr sch\u00f6n zum Vorschein. Macht sich auch ganz gut neben dem Weihnachtsbaumschmuck, den ich etwas verfr\u00fcht aus seinem Sommerlager auf dem Dachboden geholt habe, oder? Aber hey, wenn es schon Gl\u00fchwein und Lebkuchen gibt, macht das bisschen Baumschmuck den Keks auch nicht mehr knusprig. Stimmt\u2019s, Sarah? \ud83d\ude00<\/p>\n<p><img loading=\"lazy\" decoding=\"async\" class=\"aligncenter size-full wp-image-7075\" src=\"https:\/\/www.lanade.de\/blog\/wp-content\/uploads\/2019\/10\/ld_blog_wwwind_2.jpg\" alt=\"Bild f\u00fcr Beitrag \u201eWeihnachtswestwind\u201c 2\" width=\"1356\" height=\"904\" srcset=\"https:\/\/www.lanade.de\/blog\/wp-content\/uploads\/2019\/10\/ld_blog_wwwind_2.jpg 1356w, https:\/\/www.lanade.de\/blog\/wp-content\/uploads\/2019\/10\/ld_blog_wwwind_2-300x200.jpg 300w, https:\/\/www.lanade.de\/blog\/wp-content\/uploads\/2019\/10\/ld_blog_wwwind_2-768x512.jpg 768w, https:\/\/www.lanade.de\/blog\/wp-content\/uploads\/2019\/10\/ld_blog_wwwind_2-600x400.jpg 600w\" sizes=\"auto, (max-width: 1356px) 100vw, 1356px\" \/><\/p>\n<p>Modell:\u00a0<a href=\"https:\/\/www.lanade.de\/blog\/westwind\/\" target=\"_blank\" rel=\"noopener\">Westwind<\/a>\u00a0von Antje Litzmann, mit langen statt kurzen \u00c4rmeln<br \/>\nGr\u00f6\u00dfe: 9 Monate<br \/>\nNadeln:\u00a0<a href=\"https:\/\/www.lanade.de\/nadeln#cat=chiaogoo-edelstahl&amp;nadelart=rundnadeln&amp;nadellaenge=100_cm&amp;gan_data=true\">ChiaoGoo Edelstahl<\/a>, 3,0 mm<br \/>\nWolle: ein Strang\u00a0<a href=\"https:\/\/www.lanade.de\/malabrigo\/malabrigo-susurro\" target=\"_blank\" rel=\"noopener\">Malabrigo Susurro<\/a>\u00a0in\u00a0<em>660, Tigers Eye<\/em><\/p>\n<p>\u2026 und f\u00fcr Interessierte, die kurz\u00e4rmelige Version weiter oben:<\/p>\n<p>Gr\u00f6\u00dfe: 9-10 Jahre<br \/>\nNadeln:\u00a0<a href=\"https:\/\/www.lanade.de\/nadeln#cat=chiaogoo-edelstahl&amp;nadelart=rundnadeln&amp;nadellaenge=100_cm&amp;gan_data=true\">ChiaoGoo Edelstahl<\/a>, 3,0 mm<br \/>\nWolle: f\u00fcnf Kn\u00e4uel <a href=\"https:\/\/www.lanade.de\/bc-garn\/bc-garn-alba\/\" target=\"_blank\" rel=\"noopener\">BC Garn Alba<\/a>\u00a0in\u00a0<em>27, Messing<\/em><\/p>\n","protected":false},"excerpt":{"rendered":"<p>Wer? Wie? Was? Weihnachtswestwind? Ganz genau! Antje interpretiert den Kinder-Sommerklassiker heute mal winterlich-lang\u00e4rmelig. Neugierig? Schaut es euch heute hier an.<\/p>\n","protected":false},"author":7,"featured_media":0,"comment_status":"open","ping_status":"closed","sticky":false,"template":"","format":"standard","meta":{"_acf_changed":false,"footnotes":""},"categories":[49,11,15,23,20],"tags":[],"class_list":["post-7032","post","type-post","status-publish","format-standard","hentry","category-bc-garne","category-frisch-von-der-nadel","category-malabrigo-garne","category-shirts","category-stricken"],"acf":[],"yoast_head":"<!-- This site is optimized with the Yoast SEO plugin v25.9 - https:\/\/yoast.com\/wordpress\/plugins\/seo\/ -->\n<title>Weihnachtswestwind - Lanade<\/title>\n<meta name=\"robots\" content=\"index, follow, max-snippet:-1, max-image-preview:large, max-video-preview:-1\" \/>\n<link rel=\"canonical\" href=\"https:\/\/www.lanade.de\/blog\/weihnachtswestwind\/\" \/>\n<meta property=\"og:locale\" content=\"de_DE\" \/>\n<meta property=\"og:type\" content=\"article\" \/>\n<meta property=\"og:title\" content=\"Weihnachtswestwind - Lanade\" \/>\n<meta property=\"og:description\" content=\"Wer? Wie? Was? Weihnachtswestwind? Ganz genau! Antje interpretiert den Kinder-Sommerklassiker heute mal winterlich-lang\u00e4rmelig. Neugierig? Schaut es euch heute hier an.\" \/>\n<meta property=\"og:url\" content=\"https:\/\/www.lanade.de\/blog\/weihnachtswestwind\/\" \/>\n<meta property=\"og:site_name\" content=\"Lanade\" \/>\n<meta property=\"article:published_time\" content=\"2019-10-22T11:42:22+00:00\" \/>\n<meta property=\"article:modified_time\" content=\"2022-01-24T13:42:55+00:00\" \/>\n<meta property=\"og:image\" content=\"https:\/\/www.lanade.de\/blog\/wp-content\/uploads\/2019\/10\/ld_blog_wwwind_1.jpg\" \/>\n<meta name=\"author\" content=\"Antje\" \/>\n<meta name=\"twitter:label1\" content=\"Verfasst von\" \/>\n\t<meta name=\"twitter:data1\" content=\"Antje\" \/>\n\t<meta name=\"twitter:label2\" content=\"Gesch\u00e4tzte Lesezeit\" \/>\n\t<meta name=\"twitter:data2\" content=\"2\u00a0Minuten\" \/>\n<script type=\"application\/ld+json\" class=\"yoast-schema-graph\">{\"@context\":\"https:\/\/schema.org\",\"@graph\":[{\"@type\":\"WebPage\",\"@id\":\"https:\/\/www.lanade.de\/blog\/weihnachtswestwind\/\",\"url\":\"https:\/\/www.lanade.de\/blog\/weihnachtswestwind\/\",\"name\":\"Weihnachtswestwind - Lanade\",\"isPartOf\":{\"@id\":\"https:\/\/www.lanade.de\/blog\/#website\"},\"primaryImageOfPage\":{\"@id\":\"https:\/\/www.lanade.de\/blog\/weihnachtswestwind\/#primaryimage\"},\"image\":{\"@id\":\"https:\/\/www.lanade.de\/blog\/weihnachtswestwind\/#primaryimage\"},\"thumbnailUrl\":\"https:\/\/www.lanade.de\/blog\/wp-content\/uploads\/2019\/10\/ld_blog_wwwind_1.jpg\",\"datePublished\":\"2019-10-22T11:42:22+00:00\",\"dateModified\":\"2022-01-24T13:42:55+00:00\",\"author\":{\"@id\":\"https:\/\/www.lanade.de\/blog\/#\/schema\/person\/99d92369d7d993f83965e29ab2bf2541\"},\"breadcrumb\":{\"@id\":\"https:\/\/www.lanade.de\/blog\/weihnachtswestwind\/#breadcrumb\"},\"inLanguage\":\"de\",\"potentialAction\":[{\"@type\":\"ReadAction\",\"target\":[\"https:\/\/www.lanade.de\/blog\/weihnachtswestwind\/\"]}]},{\"@type\":\"ImageObject\",\"inLanguage\":\"de\",\"@id\":\"https:\/\/www.lanade.de\/blog\/weihnachtswestwind\/#primaryimage\",\"url\":\"https:\/\/www.lanade.de\/blog\/wp-content\/uploads\/2019\/10\/ld_blog_wwwind_1.jpg\",\"contentUrl\":\"https:\/\/www.lanade.de\/blog\/wp-content\/uploads\/2019\/10\/ld_blog_wwwind_1.jpg\",\"width\":1356,\"height\":904,\"caption\":\"Bild f\u00fcr Beitrag \u201eWeihnachtswestwind\u201c 1\"},{\"@type\":\"BreadcrumbList\",\"@id\":\"https:\/\/www.lanade.de\/blog\/weihnachtswestwind\/#breadcrumb\",\"itemListElement\":[{\"@type\":\"ListItem\",\"position\":1,\"name\":\"Startseite\",\"item\":\"https:\/\/www.lanade.de\/blog\/\"},{\"@type\":\"ListItem\",\"position\":2,\"name\":\"Weihnachtswestwind\"}]},{\"@type\":\"WebSite\",\"@id\":\"https:\/\/www.lanade.de\/blog\/#website\",\"url\":\"https:\/\/www.lanade.de\/blog\/\",\"name\":\"Lanade\",\"description\":\"Weil Wolle wahrhaft Wunderbares wirkt.\",\"potentialAction\":[{\"@type\":\"SearchAction\",\"target\":{\"@type\":\"EntryPoint\",\"urlTemplate\":\"https:\/\/www.lanade.de\/blog\/?s={search_term_string}\"},\"query-input\":{\"@type\":\"PropertyValueSpecification\",\"valueRequired\":true,\"valueName\":\"search_term_string\"}}],\"inLanguage\":\"de\"},{\"@type\":\"Person\",\"@id\":\"https:\/\/www.lanade.de\/blog\/#\/schema\/person\/99d92369d7d993f83965e29ab2bf2541\",\"name\":\"Antje\",\"image\":{\"@type\":\"ImageObject\",\"inLanguage\":\"de\",\"@id\":\"https:\/\/www.lanade.de\/blog\/#\/schema\/person\/image\/\",\"url\":\"https:\/\/secure.gravatar.com\/avatar\/450f17a0a5e108d291c5cfdfb6d09f0ff7b77cacf37687c471208c9ef879f22a?s=96&d=mm&r=g\",\"contentUrl\":\"https:\/\/secure.gravatar.com\/avatar\/450f17a0a5e108d291c5cfdfb6d09f0ff7b77cacf37687c471208c9ef879f22a?s=96&d=mm&r=g\",\"caption\":\"Antje\"},\"url\":\"https:\/\/www.lanade.de\/blog\/author\/alitzmann\/\"}]}<\/script>\n<!-- \/ Yoast SEO plugin. -->","yoast_head_json":{"title":"Weihnachtswestwind - Lanade","robots":{"index":"index","follow":"follow","max-snippet":"max-snippet:-1","max-image-preview":"max-image-preview:large","max-video-preview":"max-video-preview:-1"},"canonical":"https:\/\/www.lanade.de\/blog\/weihnachtswestwind\/","og_locale":"de_DE","og_type":"article","og_title":"Weihnachtswestwind - Lanade","og_description":"Wer? Wie? Was? Weihnachtswestwind? Ganz genau! Antje interpretiert den Kinder-Sommerklassiker heute mal winterlich-lang\u00e4rmelig. Neugierig? Schaut es euch heute hier an.","og_url":"https:\/\/www.lanade.de\/blog\/weihnachtswestwind\/","og_site_name":"Lanade","article_published_time":"2019-10-22T11:42:22+00:00","article_modified_time":"2022-01-24T13:42:55+00:00","og_image":[{"url":"https:\/\/www.lanade.de\/blog\/wp-content\/uploads\/2019\/10\/ld_blog_wwwind_1.jpg","type":"","width":"","height":""}],"author":"Antje","twitter_misc":{"Verfasst von":"Antje","Gesch\u00e4tzte Lesezeit":"2\u00a0Minuten"},"schema":{"@context":"https:\/\/schema.org","@graph":[{"@type":"WebPage","@id":"https:\/\/www.lanade.de\/blog\/weihnachtswestwind\/","url":"https:\/\/www.lanade.de\/blog\/weihnachtswestwind\/","name":"Weihnachtswestwind - Lanade","isPartOf":{"@id":"https:\/\/www.lanade.de\/blog\/#website"},"primaryImageOfPage":{"@id":"https:\/\/www.lanade.de\/blog\/weihnachtswestwind\/#primaryimage"},"image":{"@id":"https:\/\/www.lanade.de\/blog\/weihnachtswestwind\/#primaryimage"},"thumbnailUrl":"https:\/\/www.lanade.de\/blog\/wp-content\/uploads\/2019\/10\/ld_blog_wwwind_1.jpg","datePublished":"2019-10-22T11:42:22+00:00","dateModified":"2022-01-24T13:42:55+00:00","author":{"@id":"https:\/\/www.lanade.de\/blog\/#\/schema\/person\/99d92369d7d993f83965e29ab2bf2541"},"breadcrumb":{"@id":"https:\/\/www.lanade.de\/blog\/weihnachtswestwind\/#breadcrumb"},"inLanguage":"de","potentialAction":[{"@type":"ReadAction","target":["https:\/\/www.lanade.de\/blog\/weihnachtswestwind\/"]}]},{"@type":"ImageObject","inLanguage":"de","@id":"https:\/\/www.lanade.de\/blog\/weihnachtswestwind\/#primaryimage","url":"https:\/\/www.lanade.de\/blog\/wp-content\/uploads\/2019\/10\/ld_blog_wwwind_1.jpg","contentUrl":"https:\/\/www.lanade.de\/blog\/wp-content\/uploads\/2019\/10\/ld_blog_wwwind_1.jpg","width":1356,"height":904,"caption":"Bild f\u00fcr Beitrag \u201eWeihnachtswestwind\u201c 1"},{"@type":"BreadcrumbList","@id":"https:\/\/www.lanade.de\/blog\/weihnachtswestwind\/#breadcrumb","itemListElement":[{"@type":"ListItem","position":1,"name":"Startseite","item":"https:\/\/www.lanade.de\/blog\/"},{"@type":"ListItem","position":2,"name":"Weihnachtswestwind"}]},{"@type":"WebSite","@id":"https:\/\/www.lanade.de\/blog\/#website","url":"https:\/\/www.lanade.de\/blog\/","name":"Lanade","description":"Weil Wolle wahrhaft Wunderbares wirkt.","potentialAction":[{"@type":"SearchAction","target":{"@type":"EntryPoint","urlTemplate":"https:\/\/www.lanade.de\/blog\/?s={search_term_string}"},"query-input":{"@type":"PropertyValueSpecification","valueRequired":true,"valueName":"search_term_string"}}],"inLanguage":"de"},{"@type":"Person","@id":"https:\/\/www.lanade.de\/blog\/#\/schema\/person\/99d92369d7d993f83965e29ab2bf2541","name":"Antje","image":{"@type":"ImageObject","inLanguage":"de","@id":"https:\/\/www.lanade.de\/blog\/#\/schema\/person\/image\/","url":"https:\/\/secure.gravatar.com\/avatar\/450f17a0a5e108d291c5cfdfb6d09f0ff7b77cacf37687c471208c9ef879f22a?s=96&d=mm&r=g","contentUrl":"https:\/\/secure.gravatar.com\/avatar\/450f17a0a5e108d291c5cfdfb6d09f0ff7b77cacf37687c471208c9ef879f22a?s=96&d=mm&r=g","caption":"Antje"},"url":"https:\/\/www.lanade.de\/blog\/author\/alitzmann\/"}]}},"_links":{"self":[{"href":"https:\/\/www.lanade.de\/blog\/wp-json\/wp\/v2\/posts\/7032","targetHints":{"allow":["GET"]}}],"collection":[{"href":"https:\/\/www.lanade.de\/blog\/wp-json\/wp\/v2\/posts"}],"about":[{"href":"https:\/\/www.lanade.de\/blog\/wp-json\/wp\/v2\/types\/post"}],"author":[{"embeddable":true,"href":"https:\/\/www.lanade.de\/blog\/wp-json\/wp\/v2\/users\/7"}],"replies":[{"embeddable":true,"href":"https:\/\/www.lanade.de\/blog\/wp-json\/wp\/v2\/comments?post=7032"}],"version-history":[{"count":9,"href":"https:\/\/www.lanade.de\/blog\/wp-json\/wp\/v2\/posts\/7032\/revisions"}],"predecessor-version":[{"id":8795,"href":"https:\/\/www.lanade.de\/blog\/wp-json\/wp\/v2\/posts\/7032\/revisions\/8795"}],"wp:attachment":[{"href":"https:\/\/www.lanade.de\/blog\/wp-json\/wp\/v2\/media?parent=7032"}],"wp:term":[{"taxonomy":"category","embeddable":true,"href":"https:\/\/www.lanade.de\/blog\/wp-json\/wp\/v2\/categories?post=7032"},{"taxonomy":"post_tag","embeddable":true,"href":"https:\/\/www.lanade.de\/blog\/wp-json\/wp\/v2\/tags?post=7032"}],"curies":[{"name":"wp","href":"https:\/\/api.w.org\/{rel}","templated":true}]}}