{"id":382,"date":"2014-07-10T12:59:48","date_gmt":"2014-07-10T10:59:48","guid":{"rendered":"https:\/\/www.lanade.de\/blog\/?p=382"},"modified":"2022-01-24T14:42:41","modified_gmt":"2022-01-24T13:42:41","slug":"ueber-stricken-in-gesellschaft-und-das-neue-sommertuch","status":"publish","type":"post","link":"https:\/\/www.lanade.de\/blog\/ueber-stricken-in-gesellschaft-und-das-neue-sommertuch\/","title":{"rendered":"\u00dcber Stricken in Gesellschaft und das neue Sommertuch"},"content":{"rendered":"<p>Ich verspreche euch, es gibt kaum sch\u00f6neres als drau\u00dfen zu stricken. Ein Pl\u00e4tzchen im Halbschatten, ein sch\u00f6ner Eistee, was um die Beine hochzulegen und stricken \u2013 Gl\u00fcckseligkeit.<br \/>\nEs ist ein bisschen wie der Unterschied, ob man im\u00a0Badeanzug im chlorverseuchten Hallenbad seine Runden dreht oder sich, vom lauen Sommerwind umschmeichelt, nackig in die seichten Ostseewellen schmei\u00dft. Hallenbad ist auch nett. Schwimmen allgemein toll. Aber die Option mit dem Meer klingt schon nochmals um L\u00e4ngen besser, oder?<!--more--><\/p>\n<p>Das Drau\u00dfen-Strick-Gef\u00fchl hat mich dieses Jahr bereits recht fr\u00fch ereilt. Um genau zu sein im Mai. Um Himmelfahrt herum hatten wir\u00a0Nordlichter\u00a0liebreizenden Strickerinnen-Besuch. Das Wetter war sch\u00f6n sonnig und wir waren in der Gegend unterwegs, Liebings-Caf\u00e9s zeigen, Strandbesuche, Spazierg\u00e4nge und dazu Strick- und Farben-Fachsimpelei. Und nat\u00fcrlich gemeinsames Stricken. Sch\u00f6n drau\u00dfen bei einem T\u00e4sschen Tee im lauschigen Caf\u00e9 ein paar Techniken ausprobieren, Gestricktes zeigen und bewundern, Ideen sammeln und einfach zufrieden vor sich hin stricken und quatschen. Wer schon mal in Gesellschaft gestrickt hat, wird wissen, wovon ich spreche. Wer schon mal\u00a0<em>drau\u00dfen<\/em>\u00a0in Gesellschaft gestrickt hat, giert danach, dies\u00a0\u00f6fter zu tun. Es waren wahrlich sch\u00f6ne Tage.<\/p>\n<p>Ich sprach bereits von den Ideen, die solch ein Treffen zwangsl\u00e4ufig mit sich bringt. Ich kam nicht umhin mich in ein Tuch zu verlieben, das getragen, live und in Farbe noch so viel sch\u00f6ner aussah als auf den Projektbildern.<br \/>\nDer \u201e<a title=\"Ravelry-Link zur Anleitung\" href=\"http:\/\/www.ravelry.com\/patterns\/library\/nordnordwest\" target=\"_blank\">Nordnordwest<\/a>\u201c von Designerin Lea Viktoria. Die zweifarbige Version. Was f\u00fcr ein Traumtuch.<br \/>\nDass wir wenig sp\u00e4ter s\u00e4mtliche Farb- und Qualit\u00e4tsalternativen von DROPS durchgegangen sind, versteht sich von selbst.<br \/>\nMeine erste Wahl w\u00e4re spontan die\u00a0DROPS Baby Alpaca Silk\u00a0gewesen, doch \u2013 und im Nachhinein bin ich froh darum \u2013 die Farbe der Wahl war gerade nicht am Lager. Oh ja, das\u00a0passiert. Auch ich habe mal zu wenig Wolle \ud83d\ude09<br \/>\nAlternativ fanden meine Gedanken dann zur\u00a0<a title=\"DROPS Safran\" href=\"https:\/\/www.lanade.de\/drops\/drops-safran\" target=\"_blank\">DROPS Safran<\/a>, da mir auffiel, dass meine Garderobe\u00a0nicht ein einziges sommerliches Tuch aufweist. Diverse gemeinschaftliche Abw\u00e4gungen\u00a0sp\u00e4ter standen also die Farben fest und am selben Tag, unter oben genannten Umst\u00e4nden, wurde freudvoll angestrickt.<\/p>\n<p>Seither ist dieses Tuch meine Strickbegleitung durch die sommerlichen Abende und ich liebe es mit jeder Masche mehr. Die\u00a0<a title=\"DROPS Safran\" href=\"https:\/\/www.lanade.de\/drops\/drops-safran\" target=\"_blank\">DROPS Safran<\/a>\u00a0strickt sich so locker und leicht von der Hand.<\/p>\n<p>Inzwischen\u00a0bin ich an der Kante angekommen. Dieser endlos,\u00a0<em>endlos<\/em>,\u00a0<strong><em>endlos<\/em><\/strong>\u00a0langen Kante. Zwischendurch ist mir kurz die Motivation in die Knie gegangen, doch ich bei\u00dfe mich artig durch. Das wundervolle Endergebnis ist ja schon greifbar\u00a0und die Vorfreude darauf, die letzte Maschen gestrickt zu haben und das gute St\u00fcck um meinen Hals zu schlingen, treibt mich dann doch wieder an.<\/p>\n<p><a href=\"https:\/\/www.lanade.de\/blog\/wp-content\/uploads\/2014\/07\/ld_20140627_nordnordwest1.jpg\"><img loading=\"lazy\" decoding=\"async\" class=\"alignnone size-full wp-image-405\" src=\"https:\/\/www.lanade.de\/blog\/wp-content\/uploads\/2014\/07\/ld_20140627_nordnordwest1.jpg\" alt=\"Bild Nordnordwest 1\" width=\"600\" height=\"400\" srcset=\"https:\/\/www.lanade.de\/blog\/wp-content\/uploads\/2014\/07\/ld_20140627_nordnordwest1.jpg 600w, https:\/\/www.lanade.de\/blog\/wp-content\/uploads\/2014\/07\/ld_20140627_nordnordwest1-300x200.jpg 300w\" sizes=\"auto, (max-width: 600px) 100vw, 600px\" \/><\/a><\/p>\n<p>Hier nur mal ein kleiner Ausblick auf das zu erwartende Ergebnis, ich freue mich schon, euch das gute St\u00fcck vollendet pr\u00e4sentieren zu k\u00f6nnen.<\/p>\n","protected":false},"excerpt":{"rendered":"<p>Wer denkt, im Sommer sei Stricken weniger genussvoll als bei winterlichen Temperaturen, dem m\u00f6chte ich heute vom Stricken im Freien erz\u00e4hlen. Dies tut man bestenfalls in guter Gesellschaft und mit einem neuen Lieblingsprojekt.<\/p>\n","protected":false},"author":3,"featured_media":0,"comment_status":"open","ping_status":"open","sticky":false,"template":"","format":"standard","meta":{"_acf_changed":false,"footnotes":""},"categories":[11,3,20,18,24],"tags":[],"class_list":["post-382","post","type-post","status-publish","format-standard","hentry","category-frisch-von-der-nadel","category-kostenlose-anleitungen","category-stricken","category-strickevents","category-tuecher-und-schals"],"acf":[],"yoast_head":"<!-- This site is optimized with the Yoast SEO plugin v25.9 - https:\/\/yoast.com\/wordpress\/plugins\/seo\/ -->\n<title>\u00dcber Stricken in Gesellschaft und das neue Sommertuch - Lanade<\/title>\n<meta name=\"robots\" content=\"index, follow, max-snippet:-1, max-image-preview:large, max-video-preview:-1\" \/>\n<link rel=\"canonical\" href=\"https:\/\/www.lanade.de\/blog\/ueber-stricken-in-gesellschaft-und-das-neue-sommertuch\/\" \/>\n<meta property=\"og:locale\" content=\"de_DE\" \/>\n<meta property=\"og:type\" content=\"article\" \/>\n<meta property=\"og:title\" content=\"\u00dcber Stricken in Gesellschaft und das neue Sommertuch - Lanade\" \/>\n<meta property=\"og:description\" content=\"Wer denkt, im Sommer sei Stricken weniger genussvoll als bei winterlichen Temperaturen, dem m\u00f6chte ich heute vom Stricken im Freien erz\u00e4hlen. Dies tut man bestenfalls in guter Gesellschaft und mit einem neuen Lieblingsprojekt.\" \/>\n<meta property=\"og:url\" content=\"https:\/\/www.lanade.de\/blog\/ueber-stricken-in-gesellschaft-und-das-neue-sommertuch\/\" \/>\n<meta property=\"og:site_name\" content=\"Lanade\" \/>\n<meta property=\"article:published_time\" content=\"2014-07-10T10:59:48+00:00\" \/>\n<meta property=\"article:modified_time\" content=\"2022-01-24T13:42:41+00:00\" \/>\n<meta property=\"og:image\" content=\"https:\/\/www.lanade.de\/blog\/wp-content\/uploads\/2014\/07\/ld_20140627_nordnordwest1.jpg\" \/>\n<meta name=\"author\" content=\"Carolin\" \/>\n<meta name=\"twitter:label1\" content=\"Verfasst von\" \/>\n\t<meta name=\"twitter:data1\" content=\"Carolin\" \/>\n\t<meta name=\"twitter:label2\" content=\"Gesch\u00e4tzte Lesezeit\" \/>\n\t<meta name=\"twitter:data2\" content=\"2\u00a0Minuten\" \/>\n<script type=\"application\/ld+json\" class=\"yoast-schema-graph\">{\"@context\":\"https:\/\/schema.org\",\"@graph\":[{\"@type\":\"WebPage\",\"@id\":\"https:\/\/www.lanade.de\/blog\/ueber-stricken-in-gesellschaft-und-das-neue-sommertuch\/\",\"url\":\"https:\/\/www.lanade.de\/blog\/ueber-stricken-in-gesellschaft-und-das-neue-sommertuch\/\",\"name\":\"\u00dcber Stricken in Gesellschaft und das neue Sommertuch - Lanade\",\"isPartOf\":{\"@id\":\"https:\/\/www.lanade.de\/blog\/#website\"},\"primaryImageOfPage\":{\"@id\":\"https:\/\/www.lanade.de\/blog\/ueber-stricken-in-gesellschaft-und-das-neue-sommertuch\/#primaryimage\"},\"image\":{\"@id\":\"https:\/\/www.lanade.de\/blog\/ueber-stricken-in-gesellschaft-und-das-neue-sommertuch\/#primaryimage\"},\"thumbnailUrl\":\"https:\/\/www.lanade.de\/blog\/wp-content\/uploads\/2014\/07\/ld_20140627_nordnordwest1.jpg\",\"datePublished\":\"2014-07-10T10:59:48+00:00\",\"dateModified\":\"2022-01-24T13:42:41+00:00\",\"author\":{\"@id\":\"https:\/\/www.lanade.de\/blog\/#\/schema\/person\/2d960be4d527e2a914d2e372a57feee8\"},\"breadcrumb\":{\"@id\":\"https:\/\/www.lanade.de\/blog\/ueber-stricken-in-gesellschaft-und-das-neue-sommertuch\/#breadcrumb\"},\"inLanguage\":\"de\",\"potentialAction\":[{\"@type\":\"ReadAction\",\"target\":[\"https:\/\/www.lanade.de\/blog\/ueber-stricken-in-gesellschaft-und-das-neue-sommertuch\/\"]}]},{\"@type\":\"ImageObject\",\"inLanguage\":\"de\",\"@id\":\"https:\/\/www.lanade.de\/blog\/ueber-stricken-in-gesellschaft-und-das-neue-sommertuch\/#primaryimage\",\"url\":\"https:\/\/www.lanade.de\/blog\/wp-content\/uploads\/2014\/07\/ld_20140627_nordnordwest1.jpg\",\"contentUrl\":\"https:\/\/www.lanade.de\/blog\/wp-content\/uploads\/2014\/07\/ld_20140627_nordnordwest1.jpg\"},{\"@type\":\"BreadcrumbList\",\"@id\":\"https:\/\/www.lanade.de\/blog\/ueber-stricken-in-gesellschaft-und-das-neue-sommertuch\/#breadcrumb\",\"itemListElement\":[{\"@type\":\"ListItem\",\"position\":1,\"name\":\"Startseite\",\"item\":\"https:\/\/www.lanade.de\/blog\/\"},{\"@type\":\"ListItem\",\"position\":2,\"name\":\"\u00dcber Stricken in Gesellschaft und das neue Sommertuch\"}]},{\"@type\":\"WebSite\",\"@id\":\"https:\/\/www.lanade.de\/blog\/#website\",\"url\":\"https:\/\/www.lanade.de\/blog\/\",\"name\":\"Lanade\",\"description\":\"Weil Wolle wahrhaft Wunderbares wirkt.\",\"potentialAction\":[{\"@type\":\"SearchAction\",\"target\":{\"@type\":\"EntryPoint\",\"urlTemplate\":\"https:\/\/www.lanade.de\/blog\/?s={search_term_string}\"},\"query-input\":{\"@type\":\"PropertyValueSpecification\",\"valueRequired\":true,\"valueName\":\"search_term_string\"}}],\"inLanguage\":\"de\"},{\"@type\":\"Person\",\"@id\":\"https:\/\/www.lanade.de\/blog\/#\/schema\/person\/2d960be4d527e2a914d2e372a57feee8\",\"name\":\"Carolin\",\"image\":{\"@type\":\"ImageObject\",\"inLanguage\":\"de\",\"@id\":\"https:\/\/www.lanade.de\/blog\/#\/schema\/person\/image\/\",\"url\":\"https:\/\/secure.gravatar.com\/avatar\/ec8cf96087f513aebb147ad8e7adb0382b2cf7924ffb534dfca41685016157b5?s=96&d=mm&r=g\",\"contentUrl\":\"https:\/\/secure.gravatar.com\/avatar\/ec8cf96087f513aebb147ad8e7adb0382b2cf7924ffb534dfca41685016157b5?s=96&d=mm&r=g\",\"caption\":\"Carolin\"},\"url\":\"https:\/\/www.lanade.de\/blog\/author\/ccrull\/\"}]}<\/script>\n<!-- \/ Yoast SEO plugin. -->","yoast_head_json":{"title":"\u00dcber Stricken in Gesellschaft und das neue Sommertuch - Lanade","robots":{"index":"index","follow":"follow","max-snippet":"max-snippet:-1","max-image-preview":"max-image-preview:large","max-video-preview":"max-video-preview:-1"},"canonical":"https:\/\/www.lanade.de\/blog\/ueber-stricken-in-gesellschaft-und-das-neue-sommertuch\/","og_locale":"de_DE","og_type":"article","og_title":"\u00dcber Stricken in Gesellschaft und das neue Sommertuch - Lanade","og_description":"Wer denkt, im Sommer sei Stricken weniger genussvoll als bei winterlichen Temperaturen, dem m\u00f6chte ich heute vom Stricken im Freien erz\u00e4hlen. Dies tut man bestenfalls in guter Gesellschaft und mit einem neuen Lieblingsprojekt.","og_url":"https:\/\/www.lanade.de\/blog\/ueber-stricken-in-gesellschaft-und-das-neue-sommertuch\/","og_site_name":"Lanade","article_published_time":"2014-07-10T10:59:48+00:00","article_modified_time":"2022-01-24T13:42:41+00:00","og_image":[{"url":"https:\/\/www.lanade.de\/blog\/wp-content\/uploads\/2014\/07\/ld_20140627_nordnordwest1.jpg","type":"","width":"","height":""}],"author":"Carolin","twitter_misc":{"Verfasst von":"Carolin","Gesch\u00e4tzte Lesezeit":"2\u00a0Minuten"},"schema":{"@context":"https:\/\/schema.org","@graph":[{"@type":"WebPage","@id":"https:\/\/www.lanade.de\/blog\/ueber-stricken-in-gesellschaft-und-das-neue-sommertuch\/","url":"https:\/\/www.lanade.de\/blog\/ueber-stricken-in-gesellschaft-und-das-neue-sommertuch\/","name":"\u00dcber Stricken in Gesellschaft und das neue Sommertuch - Lanade","isPartOf":{"@id":"https:\/\/www.lanade.de\/blog\/#website"},"primaryImageOfPage":{"@id":"https:\/\/www.lanade.de\/blog\/ueber-stricken-in-gesellschaft-und-das-neue-sommertuch\/#primaryimage"},"image":{"@id":"https:\/\/www.lanade.de\/blog\/ueber-stricken-in-gesellschaft-und-das-neue-sommertuch\/#primaryimage"},"thumbnailUrl":"https:\/\/www.lanade.de\/blog\/wp-content\/uploads\/2014\/07\/ld_20140627_nordnordwest1.jpg","datePublished":"2014-07-10T10:59:48+00:00","dateModified":"2022-01-24T13:42:41+00:00","author":{"@id":"https:\/\/www.lanade.de\/blog\/#\/schema\/person\/2d960be4d527e2a914d2e372a57feee8"},"breadcrumb":{"@id":"https:\/\/www.lanade.de\/blog\/ueber-stricken-in-gesellschaft-und-das-neue-sommertuch\/#breadcrumb"},"inLanguage":"de","potentialAction":[{"@type":"ReadAction","target":["https:\/\/www.lanade.de\/blog\/ueber-stricken-in-gesellschaft-und-das-neue-sommertuch\/"]}]},{"@type":"ImageObject","inLanguage":"de","@id":"https:\/\/www.lanade.de\/blog\/ueber-stricken-in-gesellschaft-und-das-neue-sommertuch\/#primaryimage","url":"https:\/\/www.lanade.de\/blog\/wp-content\/uploads\/2014\/07\/ld_20140627_nordnordwest1.jpg","contentUrl":"https:\/\/www.lanade.de\/blog\/wp-content\/uploads\/2014\/07\/ld_20140627_nordnordwest1.jpg"},{"@type":"BreadcrumbList","@id":"https:\/\/www.lanade.de\/blog\/ueber-stricken-in-gesellschaft-und-das-neue-sommertuch\/#breadcrumb","itemListElement":[{"@type":"ListItem","position":1,"name":"Startseite","item":"https:\/\/www.lanade.de\/blog\/"},{"@type":"ListItem","position":2,"name":"\u00dcber Stricken in Gesellschaft und das neue Sommertuch"}]},{"@type":"WebSite","@id":"https:\/\/www.lanade.de\/blog\/#website","url":"https:\/\/www.lanade.de\/blog\/","name":"Lanade","description":"Weil Wolle wahrhaft Wunderbares wirkt.","potentialAction":[{"@type":"SearchAction","target":{"@type":"EntryPoint","urlTemplate":"https:\/\/www.lanade.de\/blog\/?s={search_term_string}"},"query-input":{"@type":"PropertyValueSpecification","valueRequired":true,"valueName":"search_term_string"}}],"inLanguage":"de"},{"@type":"Person","@id":"https:\/\/www.lanade.de\/blog\/#\/schema\/person\/2d960be4d527e2a914d2e372a57feee8","name":"Carolin","image":{"@type":"ImageObject","inLanguage":"de","@id":"https:\/\/www.lanade.de\/blog\/#\/schema\/person\/image\/","url":"https:\/\/secure.gravatar.com\/avatar\/ec8cf96087f513aebb147ad8e7adb0382b2cf7924ffb534dfca41685016157b5?s=96&d=mm&r=g","contentUrl":"https:\/\/secure.gravatar.com\/avatar\/ec8cf96087f513aebb147ad8e7adb0382b2cf7924ffb534dfca41685016157b5?s=96&d=mm&r=g","caption":"Carolin"},"url":"https:\/\/www.lanade.de\/blog\/author\/ccrull\/"}]}},"_links":{"self":[{"href":"https:\/\/www.lanade.de\/blog\/wp-json\/wp\/v2\/posts\/382","targetHints":{"allow":["GET"]}}],"collection":[{"href":"https:\/\/www.lanade.de\/blog\/wp-json\/wp\/v2\/posts"}],"about":[{"href":"https:\/\/www.lanade.de\/blog\/wp-json\/wp\/v2\/types\/post"}],"author":[{"embeddable":true,"href":"https:\/\/www.lanade.de\/blog\/wp-json\/wp\/v2\/users\/3"}],"replies":[{"embeddable":true,"href":"https:\/\/www.lanade.de\/blog\/wp-json\/wp\/v2\/comments?post=382"}],"version-history":[{"count":10,"href":"https:\/\/www.lanade.de\/blog\/wp-json\/wp\/v2\/posts\/382\/revisions"}],"predecessor-version":[{"id":8768,"href":"https:\/\/www.lanade.de\/blog\/wp-json\/wp\/v2\/posts\/382\/revisions\/8768"}],"wp:attachment":[{"href":"https:\/\/www.lanade.de\/blog\/wp-json\/wp\/v2\/media?parent=382"}],"wp:term":[{"taxonomy":"category","embeddable":true,"href":"https:\/\/www.lanade.de\/blog\/wp-json\/wp\/v2\/categories?post=382"},{"taxonomy":"post_tag","embeddable":true,"href":"https:\/\/www.lanade.de\/blog\/wp-json\/wp\/v2\/tags?post=382"}],"curies":[{"name":"wp","href":"https:\/\/api.w.org\/{rel}","templated":true}]}}