{"id":3287,"date":"2016-08-19T09:30:37","date_gmt":"2016-08-19T07:30:37","guid":{"rendered":"https:\/\/www.lanade.de\/blog\/?p=3287"},"modified":"2022-01-24T14:46:27","modified_gmt":"2022-01-24T13:46:27","slug":"faerben-mit-pflanzen-und-pilzen","status":"publish","type":"post","link":"https:\/\/www.lanade.de\/blog\/faerben-mit-pflanzen-und-pilzen\/","title":{"rendered":"F\u00e4rben mit Pflanzen und Pilzen. Ein Erfahrungsbericht."},"content":{"rendered":"<p>Beim letzten \u00f6rtlichen Stricktreff stand pl\u00f6tzlich ein K\u00f6rbchen mit allerlei selbstgesponnenem und selbstgef\u00e4rbtem Garn in grandios harmonischen Pflanzen- und Pilzf\u00e4rbungen auf dem Tisch. Leuchtendes Gelb vom <a href=\"https:\/\/de.wikipedia.org\/wiki\/Rainfarn\" target=\"_blank\" rel=\"noopener\">Rainfarn<\/a>, unglaublich sch\u00f6ne Gr\u00fcnt\u00f6ne der <a href=\"https:\/\/de.wikipedia.org\/wiki\/Schilfrohr\" target=\"_blank\" rel=\"noopener\">Schilfbl\u00fcte<\/a>. Dazu ein warmes Orange, das dem <a href=\"https:\/\/de.wikipedia.org\/wiki\/Kiefern-Braunporling\" target=\"_blank\" rel=\"noopener\">Kiefern-Braunporling<\/a> entlockt wurde.<\/p>\n<p><img loading=\"lazy\" decoding=\"async\" class=\"alignnone size-full wp-image-3342\" src=\"https:\/\/www.lanade.de\/blog\/wp-content\/uploads\/2016\/08\/ld_blog_pflanzfaerb_1.jpg\" alt=\"Bild f\u00fcr Beitrag \u201ePflanzenf\u00e4rben\u201c 1\" width=\"600\" height=\"230\" srcset=\"https:\/\/www.lanade.de\/blog\/wp-content\/uploads\/2016\/08\/ld_blog_pflanzfaerb_1.jpg 600w, https:\/\/www.lanade.de\/blog\/wp-content\/uploads\/2016\/08\/ld_blog_pflanzfaerb_1-300x115.jpg 300w\" sizes=\"auto, (max-width: 600px) 100vw, 600px\" \/><\/p>\n<p><!--more-->Dass ich mich kaum mehr zu beruhigen vermochte, versteht sich da ja von selbst, nicht wahr?\u00a0So kam es, dass ein gemeinschaftlicher Termin zum Pflanzen- und\u00a0Pilz-F\u00e4rben im sch\u00f6nen <a href=\"http:\/\/foerderverein-darss-museum.de\/\" target=\"_blank\" rel=\"noopener\">Dar\u00df-Museum<\/a> vereinbart wurde;\u00a0ich verbrachte die folgende Tage damit, Str\u00e4nge aus <a href=\"https:\/\/www.lanade.de\/drops\" target=\"_blank\" rel=\"noopener\">DROPS-Garn<\/a> zu wickeln, Altbest\u00e4nde an selbstgesponnenem ostfriesischem Milchschaf-Garn zu suchen und <a href=\"https:\/\/www.lanade.de\/malabrigo\" target=\"_blank\" rel=\"noopener\">Malabrigo-Sch\u00e4tze<\/a> vorzubereiten.<\/p>\n<p>Das F\u00e4rben mit Naturmaterialien vorzubereiten bedeutet es zu beizen. Wo man beim <a href=\"https:\/\/www.lanade.de\/blog\/speckles\/\" target=\"_blank\" rel=\"noopener\">F\u00e4rben mit S\u00e4urefarben<\/a> einfach nur mal eben in Essig oder Zitronens\u00e4ure einlegt, will hierf\u00fcr das F\u00e4rbegut bestenfalls \u00fcber Nacht in der Beize liegen. Mir wurde zu <em>Kaltbeize AL<\/em> geraten, die ich mir auch artig besorgt (<a href=\"https:\/\/www.google.de\/search?site=&amp;source=hp&amp;q=kaltbeize+al&amp;oq=Kaltbeize+AL&amp;gs_l=hp.1.0.0l2.1275.1275.0.3592.2.2.0.0.0.0.140.264.0j2.2.0....0...1c..64.hp..0.1.123.0.3QvbeKqxWP0\" target=\"_blank\" rel=\"noopener\">Google!<\/a>) und angesetzt habe.<\/p>\n<p><img loading=\"lazy\" decoding=\"async\" class=\"size-full wp-image-3343 aligncenter\" src=\"https:\/\/www.lanade.de\/blog\/wp-content\/uploads\/2016\/08\/ld_blog_pflanzfaerb_2.jpg\" alt=\"Bild f\u00fcr Beitrag \u201ePflanzenf\u00e4rben\u201c 2\" width=\"500\" height=\"500\" srcset=\"https:\/\/www.lanade.de\/blog\/wp-content\/uploads\/2016\/08\/ld_blog_pflanzfaerb_2.jpg 500w, https:\/\/www.lanade.de\/blog\/wp-content\/uploads\/2016\/08\/ld_blog_pflanzfaerb_2-150x150.jpg 150w, https:\/\/www.lanade.de\/blog\/wp-content\/uploads\/2016\/08\/ld_blog_pflanzfaerb_2-300x300.jpg 300w\" sizes=\"auto, (max-width: 500px) 100vw, 500px\" \/><\/p>\n<p>Bis zum F\u00e4rbetag habe ich mich ein wenig mit den Pflanzen besch\u00e4ftigt, die wir zum F\u00e4rben nehmen w\u00fcrden und durfte zu meiner Freude feststellen, dass sowohl die <a href=\"https:\/\/de.wikipedia.org\/wiki\/Schilfrohr\" target=\"_blank\" rel=\"noopener\">Schilfbl\u00fcte<\/a> als auch der <a href=\"https:\/\/de.wikipedia.org\/wiki\/Rainfarn\" target=\"_blank\" rel=\"noopener\">Rainfarn<\/a> in Unkrautmanier rund ums Haus wachsen und gedeihen. In meinem kleinen Garten habe ich dann noch <a href=\"http:\/\/www.kraeuter-und-duftpflanzen.de\/Botanisch\/Polygonum\/Faerberknoeterich-Pflanze\" target=\"_blank\" rel=\"noopener\">F\u00e4rberkn\u00f6terich<\/a> geerntet, dessen Bl\u00e4tter <em>Indigo<\/em> bereithalten. Dies hatte uns neugierig gemacht und wir wollten mit einigen Bl\u00e4ttern meiner jungen Pfl\u00e4nzchen einen Versuch starten.<\/p>\n<p><img loading=\"lazy\" decoding=\"async\" class=\"alignnone size-full wp-image-3351\" src=\"https:\/\/www.lanade.de\/blog\/wp-content\/uploads\/2016\/08\/ld_blog_pflanzfaerb_10.jpg\" alt=\"Bild f\u00fcr Beitrag \u201ePflanzenf\u00e4rben\u201c 10\" width=\"600\" height=\"450\" srcset=\"https:\/\/www.lanade.de\/blog\/wp-content\/uploads\/2016\/08\/ld_blog_pflanzfaerb_10.jpg 600w, https:\/\/www.lanade.de\/blog\/wp-content\/uploads\/2016\/08\/ld_blog_pflanzfaerb_10-300x225.jpg 300w\" sizes=\"auto, (max-width: 600px) 100vw, 600px\" \/><\/p>\n<p>Im Museum konnte ich mir dann noch ein Bild vom <a href=\"https:\/\/de.wikipedia.org\/wiki\/Kiefern-Braunporling\" target=\"_blank\" rel=\"noopener\">Kiefern-Braunporling<\/a> machen, den ihr hier hinter dem herrlich gelben, reichlich stinkenden <a href=\"https:\/\/de.wikipedia.org\/wiki\/Rainfarn\" target=\"_blank\" rel=\"noopener\">Rainfarn<\/a> sehen k\u00f6nnt.<\/p>\n<p>Damit man nach dem F\u00e4rben nicht allerlei St\u00e4ngelchen und Bl\u00fctenreste aus dem Garn zupfen muss, kann man die Pflanzen einfach in kleine W\u00e4sches\u00e4ckchen packen.<\/p>\n<p><img loading=\"lazy\" decoding=\"async\" class=\"alignnone size-full wp-image-3355\" src=\"https:\/\/www.lanade.de\/blog\/wp-content\/uploads\/2016\/08\/ld_blog_pflanzfaerb_12.jpg\" alt=\"Bild f\u00fcr Beitrag \u201ePflanzenf\u00e4rben\u201c 12\" width=\"600\" height=\"300\" srcset=\"https:\/\/www.lanade.de\/blog\/wp-content\/uploads\/2016\/08\/ld_blog_pflanzfaerb_12.jpg 600w, https:\/\/www.lanade.de\/blog\/wp-content\/uploads\/2016\/08\/ld_blog_pflanzfaerb_12-300x150.jpg 300w\" sizes=\"auto, (max-width: 600px) 100vw, 600px\" \/><\/p>\n<p>Hier schneiden wir gerade die <a href=\"https:\/\/de.wikipedia.org\/wiki\/Schilfrohr\" target=\"_blank\" rel=\"noopener\">Schilfbl\u00fcte<\/a> und den\u00a0<a href=\"https:\/\/de.wikipedia.org\/wiki\/Rainfarn\" target=\"_blank\" rel=\"noopener\">Rainfarn<\/a> zurecht.<\/p>\n<p>Im Anschluss legt man die gebeizte Wolle ins bereits hei\u00dfe oder noch kalte Wasser ein, S\u00e4ckchen drauf, Deckel drauf und Platte an. Bitte achtet darauf, dass nur trockene Wolle ins hei\u00dfe Wasser gelegt werden kann. Wenn man sie frisch aus der Beize holt, dann sollte sie ins kalte Wasser gelegt und langsam erhitzt werden, damit sie nicht filzt.<\/p>\n<p><img loading=\"lazy\" decoding=\"async\" class=\"alignnone size-full wp-image-3345\" src=\"https:\/\/www.lanade.de\/blog\/wp-content\/uploads\/2016\/08\/ld_blog_pflanzfaerb_4.jpg\" alt=\"Bild f\u00fcr Beitrag \u201ePflanzenf\u00e4rben\u201c 4\" width=\"600\" height=\"450\" srcset=\"https:\/\/www.lanade.de\/blog\/wp-content\/uploads\/2016\/08\/ld_blog_pflanzfaerb_4.jpg 600w, https:\/\/www.lanade.de\/blog\/wp-content\/uploads\/2016\/08\/ld_blog_pflanzfaerb_4-300x225.jpg 300w\" sizes=\"auto, (max-width: 600px) 100vw, 600px\" \/><\/p>\n<p>Die Idee mit den elektrischen Kochplatten ist \u00fcbrigens genial. Warum sich die K\u00fcche einsauen, wenn man es auch einfach drau\u00dfen machen kann?\u00a0Wenn das Wasser zu kochen beginnt, wird die Hitzezufuhr gedrosselt, sodass es stets siedet. Immer wieder umr\u00fchren, damit sich die Pigmente gleichm\u00e4\u00dfig im Topf verteilen k\u00f6nnen.<\/p>\n<p>Nun, und dann k\u00f6nnt ihr euch einen Kaffee kochen, ein St\u00fcckchen Kuchen essen, nett schnacken und eben ab und an umr\u00fchren und schauen, dass das Wasser stets siedet.\u00a0Wenn die Farbe der Wolle den Vorstellungen entspricht, nimmt man sie raus, l\u00e4sst sie ausk\u00fchlen und sp\u00fclt sie anschlie\u00dfend gut durch, bis das Sp\u00fclwasser klar ist. In den Topf kann direkt die Wolle f\u00fcr den zweiten Zug gegeben werden. Nicht vergessen: Nur trockene Wolle ins hei\u00dfe Wasser geben, andernfalls m\u00fcsst ihr das Wasser erst ausk\u00fchlen lassen.<\/p>\n<p><img loading=\"lazy\" decoding=\"async\" class=\"size-full wp-image-3346 aligncenter\" src=\"https:\/\/www.lanade.de\/blog\/wp-content\/uploads\/2016\/08\/ld_blog_pflanzfaerb_5.jpg\" alt=\"Bild f\u00fcr Beitrag \u201ePflanzenf\u00e4rben\u201c 5\" width=\"500\" height=\"500\" srcset=\"https:\/\/www.lanade.de\/blog\/wp-content\/uploads\/2016\/08\/ld_blog_pflanzfaerb_5.jpg 500w, https:\/\/www.lanade.de\/blog\/wp-content\/uploads\/2016\/08\/ld_blog_pflanzfaerb_5-150x150.jpg 150w, https:\/\/www.lanade.de\/blog\/wp-content\/uploads\/2016\/08\/ld_blog_pflanzfaerb_5-300x300.jpg 300w\" sizes=\"auto, (max-width: 500px) 100vw, 500px\" \/><\/p>\n<p>Besonders spannend fand ich die Entwicklung im Schilfbl\u00fcten-Topf. W\u00e4hrend die Wolle einen Gelbt\u00f6n angenommen hatte, war das F\u00e4rbewasser rot! Sp\u00e4ter wandelte\u00a0sich die Farbe der Wolle dann zum erwarteten Gr\u00fcn.\u00a0Je nach Material war dies ein sch\u00f6n kr\u00e4ftiges Gr\u00fcn, im zweiten F\u00e4rbegang dann etwas heller.<\/p>\n<p><img loading=\"lazy\" decoding=\"async\" class=\"alignnone size-full wp-image-3360\" src=\"https:\/\/www.lanade.de\/blog\/wp-content\/uploads\/2016\/08\/ld_blog_pflanzfaerb_6a.jpg\" alt=\"Bild f\u00fcr Beitrag \u201ePflanzenf\u00e4rben\u201c 6\" width=\"500\" height=\"500\" srcset=\"https:\/\/www.lanade.de\/blog\/wp-content\/uploads\/2016\/08\/ld_blog_pflanzfaerb_6a.jpg 500w, https:\/\/www.lanade.de\/blog\/wp-content\/uploads\/2016\/08\/ld_blog_pflanzfaerb_6a-150x150.jpg 150w, https:\/\/www.lanade.de\/blog\/wp-content\/uploads\/2016\/08\/ld_blog_pflanzfaerb_6a-300x300.jpg 300w\" sizes=\"auto, (max-width: 500px) 100vw, 500px\" \/><\/p>\n<p>&nbsp;<\/p>\n<p>Wir haben noch einen zweiten Topf mit weit weniger Schilfbl\u00fcte angesetzt, aus dem ich dann eine noch hellere Variante des Tons herausholen durfte, und somit eine fantastische Abstufung auf der DROPS Alaska erreichen konnte.\u00a0Auch der <a href=\"https:\/\/de.wikipedia.org\/wiki\/Kiefern-Braunporling\" target=\"_blank\" rel=\"noopener\">Kiefern-Braunporling<\/a> hat sich als prima Kumpel gezeigt. Verzeiht man ihm seine Kr\u00fcmel, die es sp\u00e4ter auszusp\u00fclen gilt, schenkt\u00a0er einem herrlich karamellige Braunorange-T\u00f6ne bis hin zu einem leichten <em>Karamell-Sahnebonbon-<\/em>Beige im dritten Zug.<\/p>\n<p><img loading=\"lazy\" decoding=\"async\" class=\"alignnone size-full wp-image-3349\" src=\"https:\/\/www.lanade.de\/blog\/wp-content\/uploads\/2016\/08\/ld_blog_pflanzfaerb_8.jpg\" alt=\"Bild f\u00fcr Beitrag \u201ePflanzenf\u00e4rben\u201c 8\" width=\"600\" height=\"450\" srcset=\"https:\/\/www.lanade.de\/blog\/wp-content\/uploads\/2016\/08\/ld_blog_pflanzfaerb_8.jpg 600w, https:\/\/www.lanade.de\/blog\/wp-content\/uploads\/2016\/08\/ld_blog_pflanzfaerb_8-300x225.jpg 300w\" sizes=\"auto, (max-width: 600px) 100vw, 600px\" \/><\/p>\n<p>Wir haben hier die Malabrigo Rastita gef\u00e4rbt und der viel zu volle Topf brachte spannende Farbspiele innerhalb der einzelnen Str\u00e4nge hervor. Der mittlere Strang badete in der Schilfbl\u00fcte und ich bin wirklich\u00a0gespannt, was die liebe Steffi aus diesen drei Sch\u00f6nheiten zaubern wird. Bestimmt wird sie uns ein Foto davon machen lassen.<\/p>\n<p>Der <a href=\"https:\/\/de.wikipedia.org\/wiki\/Rainfarn\" target=\"_blank\" rel=\"noopener\">Rainfarn<\/a> bescherte uns Gelb. So wundersch\u00f6nes, leuchtendes Gelb! Wir haben drei Z\u00fcge, also drei F\u00e4rbevorg\u00e4nge, im selben Topf gemacht und jedes Gelb war wundervoll. Von kr\u00e4ftig bis ganz zart \u2013\u00a0herrlich.<\/p>\n<p><img loading=\"lazy\" decoding=\"async\" class=\"size-full wp-image-3350 aligncenter\" src=\"https:\/\/www.lanade.de\/blog\/wp-content\/uploads\/2016\/08\/ld_blog_pflanzfaerb_9.jpg\" alt=\"Bild f\u00fcr Beitrag \u201ePflanzenf\u00e4rben\u201c 9\" width=\"500\" height=\"500\" srcset=\"https:\/\/www.lanade.de\/blog\/wp-content\/uploads\/2016\/08\/ld_blog_pflanzfaerb_9.jpg 500w, https:\/\/www.lanade.de\/blog\/wp-content\/uploads\/2016\/08\/ld_blog_pflanzfaerb_9-150x150.jpg 150w, https:\/\/www.lanade.de\/blog\/wp-content\/uploads\/2016\/08\/ld_blog_pflanzfaerb_9-300x300.jpg 300w\" sizes=\"auto, (max-width: 500px) 100vw, 500px\" \/><\/p>\n<p>Zu sehen ist sie hier auf DROPS Merino Extra Fine und weiter oben bei der Schilff\u00e4rbung auf sch\u00f6ner selbstgesponnener Wolle der lieben Christiane.<\/p>\n<p>Und dann war da noch der Blau-Versuch.\u00a0Die Bl\u00e4tter des <a href=\"http:\/\/www.kraeuter-und-duftpflanzen.de\/Botanisch\/Polygonum\/Faerberknoeterich-Pflanze\" target=\"_blank\" rel=\"noopener\">F\u00e4rberkn\u00f6terich<\/a> sollten ihre blauen Pigmente anhand einer Kaltf\u00e4rbung an ein bisschen Wolle und ein Seident\u00fcchlein abgeben.\u00a0Hierf\u00fcr werden die Bl\u00e4tter geschnitten, im Essigwasser geknetet, abgeseiht und im Anschluss nochmals im Tuch geknetet, bis das F\u00e4rbebad sch\u00f6n gr\u00fcn wird. Das F\u00e4rbegut wird dann ins kalte Wasser eingelegt und nach etwa einer Stunde, in der immer und immer wieder bewegt wird, verwandelt sich das Gr\u00fcn zunehmend in Blau.\u00a0So zumindest die Theorie.<\/p>\n<p><img loading=\"lazy\" decoding=\"async\" class=\"alignnone size-full wp-image-3344\" src=\"https:\/\/www.lanade.de\/blog\/wp-content\/uploads\/2016\/08\/ld_blog_pflanzfaerb_3.jpg\" alt=\"Bild f\u00fcr Beitrag \u201ePflanzenf\u00e4rben\u201c 3\" width=\"600\" height=\"200\" srcset=\"https:\/\/www.lanade.de\/blog\/wp-content\/uploads\/2016\/08\/ld_blog_pflanzfaerb_3.jpg 600w, https:\/\/www.lanade.de\/blog\/wp-content\/uploads\/2016\/08\/ld_blog_pflanzfaerb_3-300x100.jpg 300w\" sizes=\"auto, (max-width: 600px) 100vw, 600px\" \/><\/p>\n<p>Meine mageren 25 Gramm, die ich meinem kleinen Pfl\u00e4nzchen abringen konnte, ohne dessen direkten Tod zu verursachen, reichten nat\u00fcrlich hinten und vorne nicht, aber unser Versuch zeigte zumindest, dass die Blauf\u00e4rbung auf diese Art und Weise tats\u00e4chlich m\u00f6glich ist \u2013\u00a0die entsprechende Menge eben vorausgesetzt.<\/p>\n<p><img loading=\"lazy\" decoding=\"async\" class=\"size-full wp-image-3348 aligncenter\" src=\"https:\/\/www.lanade.de\/blog\/wp-content\/uploads\/2016\/08\/ld_blog_pflanzfaerb_7.jpg\" alt=\"Bild f\u00fcr Beitrag \u201ePflanzenf\u00e4rben\u201c 7\" width=\"500\" height=\"500\" srcset=\"https:\/\/www.lanade.de\/blog\/wp-content\/uploads\/2016\/08\/ld_blog_pflanzfaerb_7.jpg 500w, https:\/\/www.lanade.de\/blog\/wp-content\/uploads\/2016\/08\/ld_blog_pflanzfaerb_7-150x150.jpg 150w, https:\/\/www.lanade.de\/blog\/wp-content\/uploads\/2016\/08\/ld_blog_pflanzfaerb_7-300x300.jpg 300w\" sizes=\"auto, (max-width: 500px) 100vw, 500px\" \/><\/p>\n<p>In unsere Fall hat es jedoch\u00a0nur f\u00fcr einen Hauch von Hellblau\u00a0gereicht, faszinierend finde ich es aber allemal und \u00fcberlege, wo ums Haus herum man sonst noch F\u00e4rberkn\u00f6terich anpflanzen k\u00f6nnte, um im n\u00e4chsten Jahr so richtig damit aasen zu k\u00f6nnen.<\/p>\n<p><img loading=\"lazy\" decoding=\"async\" class=\"alignnone size-full wp-image-3353\" src=\"https:\/\/www.lanade.de\/blog\/wp-content\/uploads\/2016\/08\/ld_blog_pflanzfaerb_11.jpg\" alt=\"Bild f\u00fcr Beitrag \u201ePflanzenf\u00e4rben\u201c 11\" width=\"600\" height=\"400\" srcset=\"https:\/\/www.lanade.de\/blog\/wp-content\/uploads\/2016\/08\/ld_blog_pflanzfaerb_11.jpg 600w, https:\/\/www.lanade.de\/blog\/wp-content\/uploads\/2016\/08\/ld_blog_pflanzfaerb_11-300x200.jpg 300w\" sizes=\"auto, (max-width: 600px) 100vw, 600px\" \/><\/p>\n<p>So sah nun das Gesamtbild unserer Aktion aus.\u00a0Voller Faszination \u00fcber die schier unfassbare Harmonie pflanzengef\u00e4rbter Garne war ich nach Hause gegangen. Mein Liebling des Tages war die in Abstufungen gef\u00e4rbte Alaska. Hat jemand eine tolle\u00a0Idee f\u00fcr diese sagenhaft sch\u00f6nen 300 Gramm? Vielleicht ein J\u00e4ckchen zusammen mit <em>Natur?<\/em><\/p>\n<p><img loading=\"lazy\" decoding=\"async\" class=\"size-full wp-image-3357 aligncenter\" src=\"https:\/\/www.lanade.de\/blog\/wp-content\/uploads\/2016\/08\/ld_blog_pflanzfaerb_13.jpg\" alt=\"Bild f\u00fcr Beitrag \u201ePflanzenf\u00e4rben\u201c 13\" width=\"500\" height=\"500\" srcset=\"https:\/\/www.lanade.de\/blog\/wp-content\/uploads\/2016\/08\/ld_blog_pflanzfaerb_13.jpg 500w, https:\/\/www.lanade.de\/blog\/wp-content\/uploads\/2016\/08\/ld_blog_pflanzfaerb_13-150x150.jpg 150w, https:\/\/www.lanade.de\/blog\/wp-content\/uploads\/2016\/08\/ld_blog_pflanzfaerb_13-300x300.jpg 300w\" sizes=\"auto, (max-width: 500px) 100vw, 500px\" \/><\/p>\n<p>Ein paar Gedanken noch, die ich aus diesem ersten Versuch des F\u00e4rbens mit Pflanzen und Pilzen mitgenommen habe:<\/p>\n<ul>\n<li>mache den Topf nicht zu voll, wenn du eine gleichm\u00e4\u00dfige F\u00e4rbung willst\u00a0\u2013\u00a0das F\u00e4rbegut sollte sich gut bewegen k\u00f6nnen<\/li>\n<li>man kann die F\u00e4rbek\u00fcppe ruhig mehr als zweimal\u00a0verwenden;\u00a0auch ein dritter Zug kann interessante, schw\u00e4chere F\u00e4rbungen hervorbringen<\/li>\n<li>getrockneter Pilz br\u00f6selt, die Kr\u00fcmel gehen beim Sp\u00fclen, sp\u00e4testens aber nach dem Trocknen wieder raus<\/li>\n<li>Seident\u00fccher brauchen viel Platz, wenn du keinen Batik-Effekt erzielen willst<\/li>\n<\/ul>\n<p>Wie ihr euch sicherlich denken k\u00f6nnt, sehe ich seit jenem Tag Stra\u00dfenrandbl\u00fcmchen, Baumpilze, Rinden und Pflanzen im Allgemeinen mit anderen Augen. Welche F\u00e4rbungen sich daraus wohl ergeben w\u00fcrden? Ob <em>diese<\/em> Pflanze wohl zum F\u00e4rben geeignet w\u00e4re? Es gibt einen Pilz, der Lila f\u00e4rbt! <strong>Lila!<\/strong> Der will eindeutig noch von mir gefunden werden.<\/p>\n","protected":false},"excerpt":{"rendered":"<p>Was haben stinkendes Wurmkraut, h\u00e4sslicher Baumpilz und puschelige Schilfbl\u00fcten mit Wolle zu tun? Ziemlich viel, wenn man sie zusammenbringt. Heute geht es um meine ersten Versuche im Pflanzen- und Pilzf\u00e4rben.<\/p>\n","protected":false},"author":3,"featured_media":0,"comment_status":"open","ping_status":"closed","sticky":false,"template":"","format":"standard","meta":{"_acf_changed":false,"footnotes":""},"categories":[29,16,1,17,7,13],"tags":[],"class_list":["post-3287","post","type-post","status-publish","format-standard","hentry","category-faerben","category-garnfarben-in-echtzeit","category-neuigkeiten","category-plausch","category-techniken","category-tipps-und-tricks"],"acf":[],"yoast_head":"<!-- This site is optimized with the Yoast SEO plugin v25.9 - https:\/\/yoast.com\/wordpress\/plugins\/seo\/ -->\n<title>F\u00e4rben mit Pflanzen und Pilzen. Ein Erfahrungsbericht. - Lanade<\/title>\n<meta name=\"robots\" content=\"index, follow, max-snippet:-1, max-image-preview:large, max-video-preview:-1\" \/>\n<link rel=\"canonical\" href=\"https:\/\/www.lanade.de\/blog\/faerben-mit-pflanzen-und-pilzen\/\" \/>\n<meta property=\"og:locale\" content=\"de_DE\" \/>\n<meta property=\"og:type\" content=\"article\" \/>\n<meta property=\"og:title\" content=\"F\u00e4rben mit Pflanzen und Pilzen. Ein Erfahrungsbericht. - Lanade\" \/>\n<meta property=\"og:description\" content=\"Was haben stinkendes Wurmkraut, h\u00e4sslicher Baumpilz und puschelige Schilfbl\u00fcten mit Wolle zu tun? Ziemlich viel, wenn man sie zusammenbringt. Heute geht es um meine ersten Versuche im Pflanzen- und Pilzf\u00e4rben.\" \/>\n<meta property=\"og:url\" content=\"https:\/\/www.lanade.de\/blog\/faerben-mit-pflanzen-und-pilzen\/\" \/>\n<meta property=\"og:site_name\" content=\"Lanade\" \/>\n<meta property=\"article:published_time\" content=\"2016-08-19T07:30:37+00:00\" \/>\n<meta property=\"article:modified_time\" content=\"2022-01-24T13:46:27+00:00\" \/>\n<meta property=\"og:image\" content=\"https:\/\/www.lanade.de\/blog\/wp-content\/uploads\/2016\/08\/ld_blog_pflanzfaerb_1.jpg\" \/>\n<meta name=\"author\" content=\"Carolin\" \/>\n<meta name=\"twitter:label1\" content=\"Verfasst von\" \/>\n\t<meta name=\"twitter:data1\" content=\"Carolin\" \/>\n\t<meta name=\"twitter:label2\" content=\"Gesch\u00e4tzte Lesezeit\" \/>\n\t<meta name=\"twitter:data2\" content=\"6\u00a0Minuten\" \/>\n<script type=\"application\/ld+json\" class=\"yoast-schema-graph\">{\"@context\":\"https:\/\/schema.org\",\"@graph\":[{\"@type\":\"WebPage\",\"@id\":\"https:\/\/www.lanade.de\/blog\/faerben-mit-pflanzen-und-pilzen\/\",\"url\":\"https:\/\/www.lanade.de\/blog\/faerben-mit-pflanzen-und-pilzen\/\",\"name\":\"F\u00e4rben mit Pflanzen und Pilzen. Ein Erfahrungsbericht. - Lanade\",\"isPartOf\":{\"@id\":\"https:\/\/www.lanade.de\/blog\/#website\"},\"primaryImageOfPage\":{\"@id\":\"https:\/\/www.lanade.de\/blog\/faerben-mit-pflanzen-und-pilzen\/#primaryimage\"},\"image\":{\"@id\":\"https:\/\/www.lanade.de\/blog\/faerben-mit-pflanzen-und-pilzen\/#primaryimage\"},\"thumbnailUrl\":\"https:\/\/www.lanade.de\/blog\/wp-content\/uploads\/2016\/08\/ld_blog_pflanzfaerb_1.jpg\",\"datePublished\":\"2016-08-19T07:30:37+00:00\",\"dateModified\":\"2022-01-24T13:46:27+00:00\",\"author\":{\"@id\":\"https:\/\/www.lanade.de\/blog\/#\/schema\/person\/2d960be4d527e2a914d2e372a57feee8\"},\"breadcrumb\":{\"@id\":\"https:\/\/www.lanade.de\/blog\/faerben-mit-pflanzen-und-pilzen\/#breadcrumb\"},\"inLanguage\":\"de\",\"potentialAction\":[{\"@type\":\"ReadAction\",\"target\":[\"https:\/\/www.lanade.de\/blog\/faerben-mit-pflanzen-und-pilzen\/\"]}]},{\"@type\":\"ImageObject\",\"inLanguage\":\"de\",\"@id\":\"https:\/\/www.lanade.de\/blog\/faerben-mit-pflanzen-und-pilzen\/#primaryimage\",\"url\":\"https:\/\/www.lanade.de\/blog\/wp-content\/uploads\/2016\/08\/ld_blog_pflanzfaerb_1.jpg\",\"contentUrl\":\"https:\/\/www.lanade.de\/blog\/wp-content\/uploads\/2016\/08\/ld_blog_pflanzfaerb_1.jpg\",\"width\":600,\"height\":230,\"caption\":\"Bild f\u00fcr Beitrag \u201ePflanzenf\u00e4rben\u201c 1\"},{\"@type\":\"BreadcrumbList\",\"@id\":\"https:\/\/www.lanade.de\/blog\/faerben-mit-pflanzen-und-pilzen\/#breadcrumb\",\"itemListElement\":[{\"@type\":\"ListItem\",\"position\":1,\"name\":\"Startseite\",\"item\":\"https:\/\/www.lanade.de\/blog\/\"},{\"@type\":\"ListItem\",\"position\":2,\"name\":\"F\u00e4rben mit Pflanzen und Pilzen. Ein Erfahrungsbericht.\"}]},{\"@type\":\"WebSite\",\"@id\":\"https:\/\/www.lanade.de\/blog\/#website\",\"url\":\"https:\/\/www.lanade.de\/blog\/\",\"name\":\"Lanade\",\"description\":\"Weil Wolle wahrhaft Wunderbares wirkt.\",\"potentialAction\":[{\"@type\":\"SearchAction\",\"target\":{\"@type\":\"EntryPoint\",\"urlTemplate\":\"https:\/\/www.lanade.de\/blog\/?s={search_term_string}\"},\"query-input\":{\"@type\":\"PropertyValueSpecification\",\"valueRequired\":true,\"valueName\":\"search_term_string\"}}],\"inLanguage\":\"de\"},{\"@type\":\"Person\",\"@id\":\"https:\/\/www.lanade.de\/blog\/#\/schema\/person\/2d960be4d527e2a914d2e372a57feee8\",\"name\":\"Carolin\",\"image\":{\"@type\":\"ImageObject\",\"inLanguage\":\"de\",\"@id\":\"https:\/\/www.lanade.de\/blog\/#\/schema\/person\/image\/\",\"url\":\"https:\/\/secure.gravatar.com\/avatar\/ec8cf96087f513aebb147ad8e7adb0382b2cf7924ffb534dfca41685016157b5?s=96&d=mm&r=g\",\"contentUrl\":\"https:\/\/secure.gravatar.com\/avatar\/ec8cf96087f513aebb147ad8e7adb0382b2cf7924ffb534dfca41685016157b5?s=96&d=mm&r=g\",\"caption\":\"Carolin\"},\"url\":\"https:\/\/www.lanade.de\/blog\/author\/ccrull\/\"}]}<\/script>\n<!-- \/ Yoast SEO plugin. -->","yoast_head_json":{"title":"F\u00e4rben mit Pflanzen und Pilzen. Ein Erfahrungsbericht. - Lanade","robots":{"index":"index","follow":"follow","max-snippet":"max-snippet:-1","max-image-preview":"max-image-preview:large","max-video-preview":"max-video-preview:-1"},"canonical":"https:\/\/www.lanade.de\/blog\/faerben-mit-pflanzen-und-pilzen\/","og_locale":"de_DE","og_type":"article","og_title":"F\u00e4rben mit Pflanzen und Pilzen. Ein Erfahrungsbericht. - Lanade","og_description":"Was haben stinkendes Wurmkraut, h\u00e4sslicher Baumpilz und puschelige Schilfbl\u00fcten mit Wolle zu tun? Ziemlich viel, wenn man sie zusammenbringt. Heute geht es um meine ersten Versuche im Pflanzen- und Pilzf\u00e4rben.","og_url":"https:\/\/www.lanade.de\/blog\/faerben-mit-pflanzen-und-pilzen\/","og_site_name":"Lanade","article_published_time":"2016-08-19T07:30:37+00:00","article_modified_time":"2022-01-24T13:46:27+00:00","og_image":[{"url":"https:\/\/www.lanade.de\/blog\/wp-content\/uploads\/2016\/08\/ld_blog_pflanzfaerb_1.jpg","type":"","width":"","height":""}],"author":"Carolin","twitter_misc":{"Verfasst von":"Carolin","Gesch\u00e4tzte Lesezeit":"6\u00a0Minuten"},"schema":{"@context":"https:\/\/schema.org","@graph":[{"@type":"WebPage","@id":"https:\/\/www.lanade.de\/blog\/faerben-mit-pflanzen-und-pilzen\/","url":"https:\/\/www.lanade.de\/blog\/faerben-mit-pflanzen-und-pilzen\/","name":"F\u00e4rben mit Pflanzen und Pilzen. Ein Erfahrungsbericht. - Lanade","isPartOf":{"@id":"https:\/\/www.lanade.de\/blog\/#website"},"primaryImageOfPage":{"@id":"https:\/\/www.lanade.de\/blog\/faerben-mit-pflanzen-und-pilzen\/#primaryimage"},"image":{"@id":"https:\/\/www.lanade.de\/blog\/faerben-mit-pflanzen-und-pilzen\/#primaryimage"},"thumbnailUrl":"https:\/\/www.lanade.de\/blog\/wp-content\/uploads\/2016\/08\/ld_blog_pflanzfaerb_1.jpg","datePublished":"2016-08-19T07:30:37+00:00","dateModified":"2022-01-24T13:46:27+00:00","author":{"@id":"https:\/\/www.lanade.de\/blog\/#\/schema\/person\/2d960be4d527e2a914d2e372a57feee8"},"breadcrumb":{"@id":"https:\/\/www.lanade.de\/blog\/faerben-mit-pflanzen-und-pilzen\/#breadcrumb"},"inLanguage":"de","potentialAction":[{"@type":"ReadAction","target":["https:\/\/www.lanade.de\/blog\/faerben-mit-pflanzen-und-pilzen\/"]}]},{"@type":"ImageObject","inLanguage":"de","@id":"https:\/\/www.lanade.de\/blog\/faerben-mit-pflanzen-und-pilzen\/#primaryimage","url":"https:\/\/www.lanade.de\/blog\/wp-content\/uploads\/2016\/08\/ld_blog_pflanzfaerb_1.jpg","contentUrl":"https:\/\/www.lanade.de\/blog\/wp-content\/uploads\/2016\/08\/ld_blog_pflanzfaerb_1.jpg","width":600,"height":230,"caption":"Bild f\u00fcr Beitrag \u201ePflanzenf\u00e4rben\u201c 1"},{"@type":"BreadcrumbList","@id":"https:\/\/www.lanade.de\/blog\/faerben-mit-pflanzen-und-pilzen\/#breadcrumb","itemListElement":[{"@type":"ListItem","position":1,"name":"Startseite","item":"https:\/\/www.lanade.de\/blog\/"},{"@type":"ListItem","position":2,"name":"F\u00e4rben mit Pflanzen und Pilzen. Ein Erfahrungsbericht."}]},{"@type":"WebSite","@id":"https:\/\/www.lanade.de\/blog\/#website","url":"https:\/\/www.lanade.de\/blog\/","name":"Lanade","description":"Weil Wolle wahrhaft Wunderbares wirkt.","potentialAction":[{"@type":"SearchAction","target":{"@type":"EntryPoint","urlTemplate":"https:\/\/www.lanade.de\/blog\/?s={search_term_string}"},"query-input":{"@type":"PropertyValueSpecification","valueRequired":true,"valueName":"search_term_string"}}],"inLanguage":"de"},{"@type":"Person","@id":"https:\/\/www.lanade.de\/blog\/#\/schema\/person\/2d960be4d527e2a914d2e372a57feee8","name":"Carolin","image":{"@type":"ImageObject","inLanguage":"de","@id":"https:\/\/www.lanade.de\/blog\/#\/schema\/person\/image\/","url":"https:\/\/secure.gravatar.com\/avatar\/ec8cf96087f513aebb147ad8e7adb0382b2cf7924ffb534dfca41685016157b5?s=96&d=mm&r=g","contentUrl":"https:\/\/secure.gravatar.com\/avatar\/ec8cf96087f513aebb147ad8e7adb0382b2cf7924ffb534dfca41685016157b5?s=96&d=mm&r=g","caption":"Carolin"},"url":"https:\/\/www.lanade.de\/blog\/author\/ccrull\/"}]}},"_links":{"self":[{"href":"https:\/\/www.lanade.de\/blog\/wp-json\/wp\/v2\/posts\/3287","targetHints":{"allow":["GET"]}}],"collection":[{"href":"https:\/\/www.lanade.de\/blog\/wp-json\/wp\/v2\/posts"}],"about":[{"href":"https:\/\/www.lanade.de\/blog\/wp-json\/wp\/v2\/types\/post"}],"author":[{"embeddable":true,"href":"https:\/\/www.lanade.de\/blog\/wp-json\/wp\/v2\/users\/3"}],"replies":[{"embeddable":true,"href":"https:\/\/www.lanade.de\/blog\/wp-json\/wp\/v2\/comments?post=3287"}],"version-history":[{"count":12,"href":"https:\/\/www.lanade.de\/blog\/wp-json\/wp\/v2\/posts\/3287\/revisions"}],"predecessor-version":[{"id":8963,"href":"https:\/\/www.lanade.de\/blog\/wp-json\/wp\/v2\/posts\/3287\/revisions\/8963"}],"wp:attachment":[{"href":"https:\/\/www.lanade.de\/blog\/wp-json\/wp\/v2\/media?parent=3287"}],"wp:term":[{"taxonomy":"category","embeddable":true,"href":"https:\/\/www.lanade.de\/blog\/wp-json\/wp\/v2\/categories?post=3287"},{"taxonomy":"post_tag","embeddable":true,"href":"https:\/\/www.lanade.de\/blog\/wp-json\/wp\/v2\/tags?post=3287"}],"curies":[{"name":"wp","href":"https:\/\/api.w.org\/{rel}","templated":true}]}}