{"id":2258,"date":"2015-12-11T16:06:47","date_gmt":"2015-12-11T15:06:47","guid":{"rendered":"https:\/\/www.lanade.de\/blog\/?p=2258"},"modified":"2016-11-09T10:00:40","modified_gmt":"2016-11-09T09:00:40","slug":"doodler-finale","status":"publish","type":"post","link":"https:\/\/www.lanade.de\/blog\/doodler-finale\/","title":{"rendered":"Westknits M-KAL \u201eThe Doodler\u201c \u2013 Finale!"},"content":{"rendered":"<p>Der <a href=\"http:\/\/www.ravelry.com\/patterns\/library\/the-doodler\" target=\"_blank\">\u201eThe Doodler\u201c<\/a> ist fertig! Ja, ich wei\u00df, ich habe in meiner Berichterstattung einen <em>Clue<\/em> ausgelassen. Das hatte mehrere Gr\u00fcnde. In erster Linie: Es lohnte sich nicht so recht. Und: Ich war nicht rechtzeitig fertig. Aber eins nach dem anderen.<\/p>\n<p><a href=\"https:\/\/www.lanade.de\/blog\/wp-content\/uploads\/2015\/12\/ld_blog_doodlervier_3.jpg\"><img loading=\"lazy\" decoding=\"async\" class=\"alignnone size-large wp-image-2266\" src=\"https:\/\/www.lanade.de\/blog\/wp-content\/uploads\/2015\/12\/ld_blog_doodlervier_3-600x450.jpg\" alt=\"Bild f\u00fcr Beitrag \u201eDoodler Clue 4\u201c 3\" width=\"600\" height=\"450\" srcset=\"https:\/\/www.lanade.de\/blog\/wp-content\/uploads\/2015\/12\/ld_blog_doodlervier_3.jpg 600w, https:\/\/www.lanade.de\/blog\/wp-content\/uploads\/2015\/12\/ld_blog_doodlervier_3-300x225.jpg 300w\" sizes=\"auto, (max-width: 600px) 100vw, 600px\" \/><\/a><\/p>\n<p><!--more-->Die Strickwelt hielt den Atem an und hibbelte lautstark dem dritten Clue des <a href=\"https:\/\/www.lanade.de\/blog\/mister-strick-und-der-m-kal\/\" target=\"_blank\">Westknits Mystery-KALs<\/a> entgegen, w\u00e4hrend ich ihn irgendwie gar nicht so richtig kennenlernen\u00a0wollte. Es hatte sich irgendwie das Gef\u00fchl eingeschlichen, dass es keine M\u00f6glichkeit geben konnte, dass der n\u00e4chste <em>Clue<\/em> das sch\u00f6ne Teil <em>nicht<\/em> irgendwie verderben w\u00fcrde. Entsprechend wollte ich auch nicht wissen,\u00a0<em>wie\u00a0<\/em>es<em>\u00a0<\/em>passieren\u00a0w\u00fcrde.\u00a0Zumindest konnte ich mir so gar nicht vorstellen, dass\u00a0es nun\u00a0formsch\u00f6n weitergehen k\u00f6nnte.<\/p>\n<p>Meine erste Reaktion war auch wirklich ein gedankliches \u201eOch nee, echt?\u201c und ich konnte mich nicht vor Sonntag aufraffen weiterzumachen. Und selbst da war ich unkonzentriert und widerwillig, was sich in etwa 1.800 Maschen niederschlug, die ich gleich zu Anfang zur\u00fcckstricken durfte.\u00a0Wo sich meine Motivation herumtrieb, k\u00f6nnt ihr euch sicherlich denken.<\/p>\n<p><a href=\"https:\/\/www.lanade.de\/blog\/wp-content\/uploads\/2015\/12\/ld_blog_doodlervier_5.jpg\"><img loading=\"lazy\" decoding=\"async\" class=\"alignnone size-large wp-image-2268\" src=\"https:\/\/www.lanade.de\/blog\/wp-content\/uploads\/2015\/12\/ld_blog_doodlervier_5-600x450.jpg\" alt=\"Bild f\u00fcr Beitrag \u201eDoodler Clue 4\u201c 5\" width=\"600\" height=\"450\" srcset=\"https:\/\/www.lanade.de\/blog\/wp-content\/uploads\/2015\/12\/ld_blog_doodlervier_5.jpg 600w, https:\/\/www.lanade.de\/blog\/wp-content\/uploads\/2015\/12\/ld_blog_doodlervier_5-300x225.jpg 300w\" sizes=\"auto, (max-width: 600px) 100vw, 600px\" \/><\/a><\/p>\n<p>Zudem waren die langen, langen, dunklen Reihen so unglaublich hypnotisierend. Ich bin \u2013 und ich \u00fcbertreibe nicht \u2013 sage und schreibe f\u00fcnfmal(!) dabei eingeschlafen. Gut, vielleicht h\u00e4tte mehr Nachtschlaf auch ein bisschen geholfen \u2013\u00a0zugegeben.\u00a0Das Wellenmuster in <a href=\"https:\/\/www.lanade.de\/malabrigo\/malabrigo-mechita\" target=\"_blank\">Malabrigo Mechita<\/a> in Farbe <em>Plomo 046<\/em> gefiel mir letztlich dann doch \u00fcberraschend gut und die dunkle Farbe betonte den fabelhaften Schmetterling sogar, sodass ich irgendwann zu dem Schluss kam, dass das eigentlich ziiiemlich schick zu werden schien.<\/p>\n<p>Ich entschied mich bei <em>Clue 3<\/em> f\u00fcr 3 Wedges, damit das Tuch nicht zu ausladend w\u00fcrde und habe die Entscheidung auch nicht bereut.<\/p>\n<p><a href=\"https:\/\/www.lanade.de\/blog\/wp-content\/uploads\/2015\/12\/ld_blog_doodlervier_4.jpg\"><img loading=\"lazy\" decoding=\"async\" class=\"alignnone size-large wp-image-2267\" src=\"https:\/\/www.lanade.de\/blog\/wp-content\/uploads\/2015\/12\/ld_blog_doodlervier_4-600x450.jpg\" alt=\"Bild f\u00fcr Beitrag \u201eDoodler Clue 4\u201c 4\" width=\"600\" height=\"450\" srcset=\"https:\/\/www.lanade.de\/blog\/wp-content\/uploads\/2015\/12\/ld_blog_doodlervier_4.jpg 600w, https:\/\/www.lanade.de\/blog\/wp-content\/uploads\/2015\/12\/ld_blog_doodlervier_4-300x225.jpg 300w\" sizes=\"auto, (max-width: 600px) 100vw, 600px\" \/><\/a><\/p>\n<p>Das gro\u00dfe <a href=\"http:\/\/www.ravelry.com\/patterns\/library\/the-doodler\" target=\"_blank\">\u201eThe Doodler\u201c<\/a>-Finale gab es f\u00fcr mich am Tag des letzten Clues. K\u00f6nnte es gr\u00f6\u00dferen Ansporn geben, als am Tag des Erscheinens des letzten Clues eines <a href=\"https:\/\/www.lanade.de\/blog\/mister-strick-und-der-m-kal\/\" target=\"_blank\">Mystery-KALs<\/a> einem Workshop eben diesen Designers beizuwohnen? Ha!<\/p>\n<p>Ich hatte also f\u00fcr <a href=\"https:\/\/www.lanade.de\/blog\/author\/alitzmann\/\" target=\"_blank\">Antje<\/a>,\u00a0<a href=\"https:\/\/www.lanade.de\/blog\/author\/ftimm\/\" target=\"_blank\">Francy<\/a>\u00a0und mich umgehend Weiterbildung in Form eines <a href=\"http:\/\/www.ravelry.com\/designers\/stephen-west\" target=\"_blank\">Stephen-West<\/a>-Workshops angeordnet, als ich den Termin bei <a href=\"http:\/\/www.handherzseele.de\" target=\"_blank\">hand herz seele<\/a>\u00a0entdeckt hatte. Das Ganze fand in K\u00f6ln statt und so hatten wir jeeede Menge Strickzeit im Zug inklusive. Wer in der Gegend um K\u00f6ln wohnt, sollte sich Cordulas liebevolle Internetseite f\u00fcr diesen Kreativ-<a href=\"https:\/\/de.wikipedia.org\/wiki\/Retreat\" target=\"_blank\">Retreat<\/a> unbedingt anschauen. Tolles gibt es da zu erleben, sag ich euch!<\/p>\n<p>Mein Vorhaben, n\u00e4chtens\u00a0noch mit <em>Clue 4<\/em> anzufangen, und <a href=\"https:\/\/www.lanade.de\/blog\/gletschergeschichten\/\" target=\"_blank\">Mr. Strick<\/a>\u00a0dann am Nachmittag den fertigen Doodler pr\u00e4sentieren zu k\u00f6nnen, misslang allerdings kl\u00e4glich. Die letzten Meter zogen sich tats\u00e4chlich bis in den n\u00e4chsten Tag hinein. Spa\u00df hatten wir dennoch jede Menge beim Workshop. Wer mal ein bisschen \u00fcber seine eigenen (Farb-)Tellerrand hinaus schauen m\u00f6chte, dem sei ein Workshop bei <a href=\"http:\/\/www.ravelry.com\/designers\/stephen-west\" target=\"_blank\">Herrn West<\/a> wirklich ans Herz gelegt.<\/p>\n<p><a href=\"https:\/\/www.lanade.de\/blog\/wp-content\/uploads\/2015\/12\/ld_blog_doodlervier_9.jpg\"><img loading=\"lazy\" decoding=\"async\" class=\"alignnone size-large wp-image-2272\" src=\"https:\/\/www.lanade.de\/blog\/wp-content\/uploads\/2015\/12\/ld_blog_doodlervier_9-600x300.jpg\" alt=\"Bild f\u00fcr Beitrag \u201eDoodler Clue 4\u201c 9\" width=\"600\" height=\"300\" srcset=\"https:\/\/www.lanade.de\/blog\/wp-content\/uploads\/2015\/12\/ld_blog_doodlervier_9.jpg 600w, https:\/\/www.lanade.de\/blog\/wp-content\/uploads\/2015\/12\/ld_blog_doodlervier_9-300x150.jpg 300w\" sizes=\"auto, (max-width: 600px) 100vw, 600px\" \/><\/a><\/p>\n<p>F\u00fcr mich war dies \u2013 neben dem ganzen Spa\u00df, den wir hatten \u2013 eine wirklich lohnende Erfahrung. Stephen\u00a0selbst ist zudem eine sehr angenehme, \u00fcberraschend unaufgeregte Person mit viel Charme. Sehr liebenswert, wie ich finde.<\/p>\n<p><a href=\"https:\/\/www.lanade.de\/blog\/wp-content\/uploads\/2015\/12\/ld_blog_doodlervier_8.jpg\"><img loading=\"lazy\" decoding=\"async\" class=\"alignnone size-large wp-image-2271\" src=\"https:\/\/www.lanade.de\/blog\/wp-content\/uploads\/2015\/12\/ld_blog_doodlervier_8-600x450.jpg\" alt=\"Bild f\u00fcr Beitrag \u201eDoodler Clue 4\u201c 8\" width=\"600\" height=\"450\" srcset=\"https:\/\/www.lanade.de\/blog\/wp-content\/uploads\/2015\/12\/ld_blog_doodlervier_8.jpg 600w, https:\/\/www.lanade.de\/blog\/wp-content\/uploads\/2015\/12\/ld_blog_doodlervier_8-300x225.jpg 300w\" sizes=\"auto, (max-width: 600px) 100vw, 600px\" \/><\/a><\/p>\n<p>Der vierte und letzte <em>Clue<\/em> der Mystery-KAL-Reise \u201eThe Doodler\u201c bot verschiedene, mehr oder weniger verspielte Abschl\u00fcsse an. Ich habe mich \u2013 recht unspektakul\u00e4r \u2013 f\u00fcr den schlichten <a href=\"https:\/\/www.lanade.de\/blog\/ode-an-den-i-cord\/\" target=\"_blank\">I-Cord<\/a> entschieden, wollte aber zwingend nochmals <a href=\"https:\/\/www.lanade.de\/malabrigo\/malabrigo-mechita\" target=\"_blank\">Malabrigo Mechita<\/a> in Farbe <em>890 Mandragora<\/em> dran haben, auch wenn ich nur noch zarte 11 Gramm \u00fcbrig hatte.\u00a0Meine Sch\u00e4tzung lag bei der H\u00e4lfte des I-Cord-Abschlusses, meine Hoffnung nat\u00fcrlich beim Wunder, dass es reichen w\u00fcrde. Und die Mechita lief und lief und lief.<\/p>\n<p>Was folgte, war ein wahrer Krimi ob des schwindenden Garnes, das mit Happy End in einer unglaublichen Punktlandung m\u00fcndete. Kennt ihr das, wenn ihr immer schneller strickt, damit ihr fertig seid, bevor das Garn alle ist? Keine f\u00fcnf\u00a0Zentimeter\u00a0waren \u00fcbrig.<\/p>\n<p><a href=\"https:\/\/www.lanade.de\/blog\/wp-content\/uploads\/2015\/12\/ld_blog_doodlervier_6.jpg\"><img loading=\"lazy\" decoding=\"async\" class=\"alignnone size-large wp-image-2269\" src=\"https:\/\/www.lanade.de\/blog\/wp-content\/uploads\/2015\/12\/ld_blog_doodlervier_6-600x357.jpg\" alt=\"Bild f\u00fcr Beitrag \u201eDoodler Clue 4\u201c 6\" width=\"600\" height=\"357\" srcset=\"https:\/\/www.lanade.de\/blog\/wp-content\/uploads\/2015\/12\/ld_blog_doodlervier_6.jpg 600w, https:\/\/www.lanade.de\/blog\/wp-content\/uploads\/2015\/12\/ld_blog_doodlervier_6-300x179.jpg 300w\" sizes=\"auto, (max-width: 600px) 100vw, 600px\" \/><\/a><\/p>\n<p>V\u00f6llig ungespannt und mit kringeligem Rand habe ich ihn tats\u00e4chlich bereits in K\u00f6ln um den Hals geschlungen und bin damit durch die Stra\u00dfen flaniert. Das Ding ist tragbar! Und nicht nur das, es sieht sogar richtig gut aus am Hals! K\u00f6nnte so bleiben, Spannen nicht zwingend n\u00f6tig.<\/p>\n<p><a href=\"https:\/\/www.lanade.de\/blog\/wp-content\/uploads\/2015\/12\/ld_blog_doodlervier_2.jpg\"><img loading=\"lazy\" decoding=\"async\" class=\"alignnone size-large wp-image-2265\" src=\"https:\/\/www.lanade.de\/blog\/wp-content\/uploads\/2015\/12\/ld_blog_doodlervier_2-600x450.jpg\" alt=\"Bild f\u00fcr Beitrag \u201eDoodler Clue 4\u201c 2\" width=\"600\" height=\"450\" srcset=\"https:\/\/www.lanade.de\/blog\/wp-content\/uploads\/2015\/12\/ld_blog_doodlervier_2.jpg 600w, https:\/\/www.lanade.de\/blog\/wp-content\/uploads\/2015\/12\/ld_blog_doodlervier_2-300x225.jpg 300w\" sizes=\"auto, (max-width: 600px) 100vw, 600px\" \/><\/a><\/p>\n<p>Am Ende war ich aber doch zu neugierig, wie er denn nun gespannt auss\u00e4he und fand ein bisschen Gr\u00f6\u00dfenzuwachs dann ganz\u00a0w\u00fcnschenswert. Also habe ich ihn zwar nicht gespannt, aber eben na\u00df zum Trocknen ausgelegt und in Form gezogen, das reichte v\u00f6llig aus.<\/p>\n<p><a href=\"https:\/\/www.lanade.de\/blog\/wp-content\/uploads\/2015\/12\/ld_blog_doodlervier_1.jpg\"><img loading=\"lazy\" decoding=\"async\" class=\"alignnone size-large wp-image-2264\" src=\"https:\/\/www.lanade.de\/blog\/wp-content\/uploads\/2015\/12\/ld_blog_doodlervier_1-600x334.jpg\" alt=\"Bild f\u00fcr Beitrag \u201eDoodler Clue 4\u201c 1\" width=\"600\" height=\"334\" srcset=\"https:\/\/www.lanade.de\/blog\/wp-content\/uploads\/2015\/12\/ld_blog_doodlervier_1.jpg 600w, https:\/\/www.lanade.de\/blog\/wp-content\/uploads\/2015\/12\/ld_blog_doodlervier_1-300x167.jpg 300w\" sizes=\"auto, (max-width: 600px) 100vw, 600px\" \/><\/a><\/p>\n<p>Ich bin jedenfalls hin und weg. Der <a href=\"https:\/\/www.lanade.de\/blog\/mister-strick-und-der-m-kal\/\" target=\"_blank\">Westknits M-KAL 2015<\/a> war super spannend, absolut lohnend und das Ergebnis hat mich \u2013 und ich staune selbst \u2013 so sehr \u00fcberzeugt, dass ich dieses Tuch wirklich regelm\u00e4\u00dfig trage. Wer sich bislang mit meinen Berichten begn\u00fcgt hat, dem kann ich wirklich von ganzem Herzen empfehlen dieses Tuch zu stricken. Es ist <em>wirklich<\/em>\u00a0ein Genuss. Die Konstruktion ist durchdacht, die Kanten penibel ordentlich und getragen ist es einfach nur ein Traum. Man muss nicht mal viel dran rumzubbeln. Wie Stephen so sch\u00f6n sagt: \u201eJust put it on\u201c \u2013\u00a0einfach anziehen. Der sitzt nie falsch.<\/p>\n<p><a href=\"https:\/\/www.lanade.de\/blog\/wp-content\/uploads\/2015\/12\/ld_blog_doodlervier_7.jpg\"><img loading=\"lazy\" decoding=\"async\" class=\"alignnone size-large wp-image-2270\" src=\"https:\/\/www.lanade.de\/blog\/wp-content\/uploads\/2015\/12\/ld_blog_doodlervier_7-600x400.jpg\" alt=\"Bild f\u00fcr Beitrag \u201eDoodler Clue 4\u201c 7\" width=\"600\" height=\"400\" srcset=\"https:\/\/www.lanade.de\/blog\/wp-content\/uploads\/2015\/12\/ld_blog_doodlervier_7.jpg 600w, https:\/\/www.lanade.de\/blog\/wp-content\/uploads\/2015\/12\/ld_blog_doodlervier_7-300x200.jpg 300w\" sizes=\"auto, (max-width: 600px) 100vw, 600px\" \/><\/a><\/p>\n<p>Modell: <a href=\"http:\/\/www.ravelry.com\/patterns\/library\/the-doodler\" target=\"_blank\">\u201eThe Doodler<\/a>\u201c von\u00a0<a href=\"http:\/\/www.ravelry.com\/designers\/stephen-west\" target=\"_blank\">Stephen West<\/a><br \/>\nGarn: je 1\u00d7 \u00a0<a href=\"https:\/\/www.lanade.de\/malabrigo\/malabrigo-mechita\" target=\"_blank\">Malabrigo Mechita<\/a>, Fb.\u00a0<em>036 Pearl, 043 Plomo<\/em>\u00a0und\u00a0<em>890 Mandragora<\/em><br \/>\nNadeln:\u00a0<a href=\"https:\/\/www.lanade.de\/nadeln#cat=knitpro-symfonie&amp;durchmesser=3_5_mm&amp;nadelart=rundnadeln&amp;gan_data=true\" target=\"_blank\">KnitPro Symfonie Rundnadel, diverse L\u00e4ngen, St\u00e4rke 3,5 mm<\/a><br \/>\nModifikationen:\u00a0Abschlussvariante 1, I-Cord in Farbe A<\/p>\n<p>\u00dcbrigens habe ich auch hinrei\u00dfende Varianten in schlichten Unifarben gesehen. Ohne all zu viel Kontrast und harmonierende T\u00f6ne. Erinnert ihr euch an die Farbvorschl\u00e4ge aus <a href=\"https:\/\/www.lanade.de\/blog\/mister-strick-und-der-m-kal\/\" target=\"_blank\">dem ersten Beitrag zu diesem Thema<\/a>? Die gezeigten <a href=\"https:\/\/www.lanade.de\/drops\/drops-baby-merino\" target=\"_blank\">DROPS Baby Merino<\/a>-Farben, \u00fcber die ich nachgedacht hatte? So in etwa. Das sieht wahnsinnig edel aus!<\/p>\n<p>Zum Abschluss nochmals der Link zum <a href=\"https:\/\/www.youtube.com\/watch?v=jwmfP0PNOLg\" target=\"_blank\">kultigen Video<\/a>? Ihr erinnert euch? Ja, das muss sein. Bisschen Farbe gegen die graue Wintersuppe da drau\u00dfen.<\/p>\n<p><span style=\"border-radius: 2px; text-indent: 20px; width: auto; padding: 0px 4px 0px 0px; text-align: center; font: bold 11px\/20px 'Helvetica Neue',Helvetica,sans-serif; color: #ffffff; background: #bd081c  no-repeat scroll 3px 50% \/ 14px 14px; position: absolute; opacity: 1; z-index: 8675309; display: none; cursor: pointer; top: 100px; left: 20px;\">Merken<\/span><\/p>\n","protected":false},"excerpt":{"rendered":"<p>Alles hat ein Ende, auch der Westknits M-KAL. Wie\u2019s geworden ist? Fantastisch! Ich \u00fcberleg\u2019 schon Farben f\u00fcr 2016!<\/p>\n","protected":false},"author":3,"featured_media":0,"comment_status":"open","ping_status":"closed","sticky":false,"template":"","format":"standard","meta":{"_acf_changed":false,"footnotes":""},"categories":[11,15,17,20,18,24,12],"tags":[],"class_list":["post-2258","post","type-post","status-publish","format-standard","hentry","category-frisch-von-der-nadel","category-malabrigo-garne","category-plausch","category-stricken","category-strickevents","category-tuecher-und-schals","category-work-in-progress"],"acf":[],"yoast_head":"<!-- This site is optimized with the Yoast SEO plugin v25.9 - https:\/\/yoast.com\/wordpress\/plugins\/seo\/ -->\n<title>Westknits M-KAL \u201eThe Doodler\u201c \u2013 Finale! - Lanade<\/title>\n<meta name=\"robots\" content=\"index, follow, max-snippet:-1, max-image-preview:large, max-video-preview:-1\" \/>\n<link rel=\"canonical\" href=\"https:\/\/www.lanade.de\/blog\/doodler-finale\/\" \/>\n<meta property=\"og:locale\" content=\"de_DE\" \/>\n<meta property=\"og:type\" content=\"article\" \/>\n<meta property=\"og:title\" content=\"Westknits M-KAL \u201eThe Doodler\u201c \u2013 Finale! - Lanade\" \/>\n<meta property=\"og:description\" content=\"Alles hat ein Ende, auch der Westknits M-KAL. Wie\u2019s geworden ist? Fantastisch! Ich \u00fcberleg\u2019 schon Farben f\u00fcr 2016!\" \/>\n<meta property=\"og:url\" content=\"https:\/\/www.lanade.de\/blog\/doodler-finale\/\" \/>\n<meta property=\"og:site_name\" content=\"Lanade\" \/>\n<meta property=\"article:published_time\" content=\"2015-12-11T15:06:47+00:00\" \/>\n<meta property=\"article:modified_time\" content=\"2016-11-09T09:00:40+00:00\" \/>\n<meta property=\"og:image\" content=\"https:\/\/www.lanade.de\/blog\/wp-content\/uploads\/2015\/12\/ld_blog_doodlervier_3-600x450.jpg\" \/>\n<meta name=\"author\" content=\"Carolin\" \/>\n<meta name=\"twitter:label1\" content=\"Verfasst von\" \/>\n\t<meta name=\"twitter:data1\" content=\"Carolin\" \/>\n\t<meta name=\"twitter:label2\" content=\"Gesch\u00e4tzte Lesezeit\" \/>\n\t<meta name=\"twitter:data2\" content=\"5\u00a0Minuten\" \/>\n<script type=\"application\/ld+json\" class=\"yoast-schema-graph\">{\"@context\":\"https:\/\/schema.org\",\"@graph\":[{\"@type\":\"WebPage\",\"@id\":\"https:\/\/www.lanade.de\/blog\/doodler-finale\/\",\"url\":\"https:\/\/www.lanade.de\/blog\/doodler-finale\/\",\"name\":\"Westknits M-KAL \u201eThe Doodler\u201c \u2013 Finale! - Lanade\",\"isPartOf\":{\"@id\":\"https:\/\/www.lanade.de\/blog\/#website\"},\"primaryImageOfPage\":{\"@id\":\"https:\/\/www.lanade.de\/blog\/doodler-finale\/#primaryimage\"},\"image\":{\"@id\":\"https:\/\/www.lanade.de\/blog\/doodler-finale\/#primaryimage\"},\"thumbnailUrl\":\"https:\/\/www.lanade.de\/blog\/wp-content\/uploads\/2015\/12\/ld_blog_doodlervier_3-600x450.jpg\",\"datePublished\":\"2015-12-11T15:06:47+00:00\",\"dateModified\":\"2016-11-09T09:00:40+00:00\",\"author\":{\"@id\":\"https:\/\/www.lanade.de\/blog\/#\/schema\/person\/2d960be4d527e2a914d2e372a57feee8\"},\"breadcrumb\":{\"@id\":\"https:\/\/www.lanade.de\/blog\/doodler-finale\/#breadcrumb\"},\"inLanguage\":\"de\",\"potentialAction\":[{\"@type\":\"ReadAction\",\"target\":[\"https:\/\/www.lanade.de\/blog\/doodler-finale\/\"]}]},{\"@type\":\"ImageObject\",\"inLanguage\":\"de\",\"@id\":\"https:\/\/www.lanade.de\/blog\/doodler-finale\/#primaryimage\",\"url\":\"https:\/\/www.lanade.de\/blog\/wp-content\/uploads\/2015\/12\/ld_blog_doodlervier_3.jpg\",\"contentUrl\":\"https:\/\/www.lanade.de\/blog\/wp-content\/uploads\/2015\/12\/ld_blog_doodlervier_3.jpg\",\"width\":600,\"height\":450,\"caption\":\"Bild f\u00fcr Beitrag \u201eDoodler Clue 4\u201c 3\"},{\"@type\":\"BreadcrumbList\",\"@id\":\"https:\/\/www.lanade.de\/blog\/doodler-finale\/#breadcrumb\",\"itemListElement\":[{\"@type\":\"ListItem\",\"position\":1,\"name\":\"Startseite\",\"item\":\"https:\/\/www.lanade.de\/blog\/\"},{\"@type\":\"ListItem\",\"position\":2,\"name\":\"Westknits M-KAL \u201eThe Doodler\u201c \u2013 Finale!\"}]},{\"@type\":\"WebSite\",\"@id\":\"https:\/\/www.lanade.de\/blog\/#website\",\"url\":\"https:\/\/www.lanade.de\/blog\/\",\"name\":\"Lanade\",\"description\":\"Weil Wolle wahrhaft Wunderbares wirkt.\",\"potentialAction\":[{\"@type\":\"SearchAction\",\"target\":{\"@type\":\"EntryPoint\",\"urlTemplate\":\"https:\/\/www.lanade.de\/blog\/?s={search_term_string}\"},\"query-input\":{\"@type\":\"PropertyValueSpecification\",\"valueRequired\":true,\"valueName\":\"search_term_string\"}}],\"inLanguage\":\"de\"},{\"@type\":\"Person\",\"@id\":\"https:\/\/www.lanade.de\/blog\/#\/schema\/person\/2d960be4d527e2a914d2e372a57feee8\",\"name\":\"Carolin\",\"image\":{\"@type\":\"ImageObject\",\"inLanguage\":\"de\",\"@id\":\"https:\/\/www.lanade.de\/blog\/#\/schema\/person\/image\/\",\"url\":\"https:\/\/secure.gravatar.com\/avatar\/ec8cf96087f513aebb147ad8e7adb0382b2cf7924ffb534dfca41685016157b5?s=96&d=mm&r=g\",\"contentUrl\":\"https:\/\/secure.gravatar.com\/avatar\/ec8cf96087f513aebb147ad8e7adb0382b2cf7924ffb534dfca41685016157b5?s=96&d=mm&r=g\",\"caption\":\"Carolin\"},\"url\":\"https:\/\/www.lanade.de\/blog\/author\/ccrull\/\"}]}<\/script>\n<!-- \/ Yoast SEO plugin. -->","yoast_head_json":{"title":"Westknits M-KAL \u201eThe Doodler\u201c \u2013 Finale! - Lanade","robots":{"index":"index","follow":"follow","max-snippet":"max-snippet:-1","max-image-preview":"max-image-preview:large","max-video-preview":"max-video-preview:-1"},"canonical":"https:\/\/www.lanade.de\/blog\/doodler-finale\/","og_locale":"de_DE","og_type":"article","og_title":"Westknits M-KAL \u201eThe Doodler\u201c \u2013 Finale! - Lanade","og_description":"Alles hat ein Ende, auch der Westknits M-KAL. Wie\u2019s geworden ist? Fantastisch! Ich \u00fcberleg\u2019 schon Farben f\u00fcr 2016!","og_url":"https:\/\/www.lanade.de\/blog\/doodler-finale\/","og_site_name":"Lanade","article_published_time":"2015-12-11T15:06:47+00:00","article_modified_time":"2016-11-09T09:00:40+00:00","og_image":[{"url":"https:\/\/www.lanade.de\/blog\/wp-content\/uploads\/2015\/12\/ld_blog_doodlervier_3-600x450.jpg","type":"","width":"","height":""}],"author":"Carolin","twitter_misc":{"Verfasst von":"Carolin","Gesch\u00e4tzte Lesezeit":"5\u00a0Minuten"},"schema":{"@context":"https:\/\/schema.org","@graph":[{"@type":"WebPage","@id":"https:\/\/www.lanade.de\/blog\/doodler-finale\/","url":"https:\/\/www.lanade.de\/blog\/doodler-finale\/","name":"Westknits M-KAL \u201eThe Doodler\u201c \u2013 Finale! - Lanade","isPartOf":{"@id":"https:\/\/www.lanade.de\/blog\/#website"},"primaryImageOfPage":{"@id":"https:\/\/www.lanade.de\/blog\/doodler-finale\/#primaryimage"},"image":{"@id":"https:\/\/www.lanade.de\/blog\/doodler-finale\/#primaryimage"},"thumbnailUrl":"https:\/\/www.lanade.de\/blog\/wp-content\/uploads\/2015\/12\/ld_blog_doodlervier_3-600x450.jpg","datePublished":"2015-12-11T15:06:47+00:00","dateModified":"2016-11-09T09:00:40+00:00","author":{"@id":"https:\/\/www.lanade.de\/blog\/#\/schema\/person\/2d960be4d527e2a914d2e372a57feee8"},"breadcrumb":{"@id":"https:\/\/www.lanade.de\/blog\/doodler-finale\/#breadcrumb"},"inLanguage":"de","potentialAction":[{"@type":"ReadAction","target":["https:\/\/www.lanade.de\/blog\/doodler-finale\/"]}]},{"@type":"ImageObject","inLanguage":"de","@id":"https:\/\/www.lanade.de\/blog\/doodler-finale\/#primaryimage","url":"https:\/\/www.lanade.de\/blog\/wp-content\/uploads\/2015\/12\/ld_blog_doodlervier_3.jpg","contentUrl":"https:\/\/www.lanade.de\/blog\/wp-content\/uploads\/2015\/12\/ld_blog_doodlervier_3.jpg","width":600,"height":450,"caption":"Bild f\u00fcr Beitrag \u201eDoodler Clue 4\u201c 3"},{"@type":"BreadcrumbList","@id":"https:\/\/www.lanade.de\/blog\/doodler-finale\/#breadcrumb","itemListElement":[{"@type":"ListItem","position":1,"name":"Startseite","item":"https:\/\/www.lanade.de\/blog\/"},{"@type":"ListItem","position":2,"name":"Westknits M-KAL \u201eThe Doodler\u201c \u2013 Finale!"}]},{"@type":"WebSite","@id":"https:\/\/www.lanade.de\/blog\/#website","url":"https:\/\/www.lanade.de\/blog\/","name":"Lanade","description":"Weil Wolle wahrhaft Wunderbares wirkt.","potentialAction":[{"@type":"SearchAction","target":{"@type":"EntryPoint","urlTemplate":"https:\/\/www.lanade.de\/blog\/?s={search_term_string}"},"query-input":{"@type":"PropertyValueSpecification","valueRequired":true,"valueName":"search_term_string"}}],"inLanguage":"de"},{"@type":"Person","@id":"https:\/\/www.lanade.de\/blog\/#\/schema\/person\/2d960be4d527e2a914d2e372a57feee8","name":"Carolin","image":{"@type":"ImageObject","inLanguage":"de","@id":"https:\/\/www.lanade.de\/blog\/#\/schema\/person\/image\/","url":"https:\/\/secure.gravatar.com\/avatar\/ec8cf96087f513aebb147ad8e7adb0382b2cf7924ffb534dfca41685016157b5?s=96&d=mm&r=g","contentUrl":"https:\/\/secure.gravatar.com\/avatar\/ec8cf96087f513aebb147ad8e7adb0382b2cf7924ffb534dfca41685016157b5?s=96&d=mm&r=g","caption":"Carolin"},"url":"https:\/\/www.lanade.de\/blog\/author\/ccrull\/"}]}},"_links":{"self":[{"href":"https:\/\/www.lanade.de\/blog\/wp-json\/wp\/v2\/posts\/2258","targetHints":{"allow":["GET"]}}],"collection":[{"href":"https:\/\/www.lanade.de\/blog\/wp-json\/wp\/v2\/posts"}],"about":[{"href":"https:\/\/www.lanade.de\/blog\/wp-json\/wp\/v2\/types\/post"}],"author":[{"embeddable":true,"href":"https:\/\/www.lanade.de\/blog\/wp-json\/wp\/v2\/users\/3"}],"replies":[{"embeddable":true,"href":"https:\/\/www.lanade.de\/blog\/wp-json\/wp\/v2\/comments?post=2258"}],"version-history":[{"count":19,"href":"https:\/\/www.lanade.de\/blog\/wp-json\/wp\/v2\/posts\/2258\/revisions"}],"predecessor-version":[{"id":3705,"href":"https:\/\/www.lanade.de\/blog\/wp-json\/wp\/v2\/posts\/2258\/revisions\/3705"}],"wp:attachment":[{"href":"https:\/\/www.lanade.de\/blog\/wp-json\/wp\/v2\/media?parent=2258"}],"wp:term":[{"taxonomy":"category","embeddable":true,"href":"https:\/\/www.lanade.de\/blog\/wp-json\/wp\/v2\/categories?post=2258"},{"taxonomy":"post_tag","embeddable":true,"href":"https:\/\/www.lanade.de\/blog\/wp-json\/wp\/v2\/tags?post=2258"}],"curies":[{"name":"wp","href":"https:\/\/api.w.org\/{rel}","templated":true}]}}