{"id":1416,"date":"2015-06-03T14:15:00","date_gmt":"2015-06-03T12:15:00","guid":{"rendered":"https:\/\/www.lanade.de\/blog\/?p=1416"},"modified":"2015-10-01T11:44:46","modified_gmt":"2015-10-01T09:44:46","slug":"gletschergeschichten","status":"publish","type":"post","link":"https:\/\/www.lanade.de\/blog\/gletschergeschichten\/","title":{"rendered":"Gletschergeschichten"},"content":{"rendered":"<p>Ich liebe es ja, wenn Dinge zusammenpassen und Selbstgestricktes Geschichten erz\u00e4hlt. Kennt ihr das auch?<\/p>\n<p>Mein Glacier Sweep, ein halbrundes, in f\u00fcnf Teilen gestricktes Tuch, das ich gerade fertiggestrickt habe, ist so ein Teil. Ich will es euch heute vorstellen und ein paar seiner Geschichten erz\u00e4hlen \ud83d\ude42<\/p>\n<p><a href=\"https:\/\/www.lanade.de\/blog\/wp-content\/uploads\/2015\/06\/ld_blog_gletscher_1.jpg\"><img loading=\"lazy\" decoding=\"async\" class=\"alignnone size-full wp-image-1422\" src=\"https:\/\/www.lanade.de\/blog\/wp-content\/uploads\/2015\/06\/ld_blog_gletscher_1.jpg\" alt=\"Bild f\u00fcr Beitrag \u201eGletschergeschichten\u201c 1\" width=\"600\" height=\"400\" srcset=\"https:\/\/www.lanade.de\/blog\/wp-content\/uploads\/2015\/06\/ld_blog_gletscher_1.jpg 600w, https:\/\/www.lanade.de\/blog\/wp-content\/uploads\/2015\/06\/ld_blog_gletscher_1-300x200.jpg 300w\" sizes=\"auto, (max-width: 600px) 100vw, 600px\" \/><\/a><\/p>\n<h4><!--more--><span class=\"_5yl5\">Teil 1 \u2013\u00a0Ein neues Garn<\/span><\/h4>\n<p>Schon lange lag die <a href=\"http:\/\/www.ravelry.com\/patterns\/library\/glacier-sweep\" target=\"_blank\">Anleitung<\/a> f\u00fcr den <em>Glacier Sweep<\/em> (englisch, ungef\u00e4hr: \u201eGletscherbogen\u201c) auf meiner Festplatte herum. Ich hatte sie irgendwann in einem Anfall von \u201eJetzt kaufe ich ganz Ravelry!\u201c auf die hohe Kante gelegt, aber nie tauchte in meinem stetig wachsenden Wollvorrat das passende Garn daf\u00fcr auf. Bis <a href=\"https:\/\/www.lanade.de\/malabrigo\/malabrigo-mechita\" target=\"_blank\">Malabrigos Mechita<\/a> auf der gr\u00fcnen Lanade-Weide erschien.<\/p>\n<p>Sp\u00e4testens nach <a href=\"https:\/\/www.lanade.de\/blog\/malabrigo-mechita-farbimpressionen\/\" target=\"_blank\">Tims Blogartikel<\/a> mit den Mechita-Farbimpressionen wusste ich: da ist es ja endlich! Das Garn f\u00fcr den Glacier Sweep. Doppelf\u00e4dig w\u00fcrde ich arbeiten \u2013 aus zwei Gr\u00fcnden: Erstens, um in die N\u00e4he der richtigen Maschenprobe zu kommen und zweitens, um einen klugen Effekt zu nutzen, der mir schon vorher in den Kopf gekommen war:<\/p>\n<p>Wer schon mal Malabrigo-Garne bei Lanade bestellt hat, kennt das kleine Beiblatt auf dem unter\u00a0anderem empfohlen wird, abwechselnd von zwei Str\u00e4ngen zu stricken, um ein gleichm\u00e4\u00dfiges Ergebnis zu erhalten. Ein kleiner Aufwand \u2013\u00a0aber ein Aufwand. Doch aufgepasst: Wer doppelf\u00e4dig strickt, der spart sich das Abwechseln am Runden- oder Reihenanfang, weil er ja <span style=\"text-decoration: underline\">gleichzeitig<\/span> von zwei verschiedenen Str\u00e4ngen sein Garn bezieht. Den Effekt mit dem ebenm\u00e4\u00dfigen Farbergebnis gibt\u2019s quasi geschenkt!<\/p>\n<p>Ich ergatterte drei Str\u00e4nge der Farbe <em>895 Dried Orange<\/em> und legte los.<\/p>\n<p><a href=\"https:\/\/www.lanade.de\/blog\/wp-content\/uploads\/2015\/06\/ld_blog_gletscher_2.jpg\"><img loading=\"lazy\" decoding=\"async\" class=\"alignnone size-full wp-image-1423\" src=\"https:\/\/www.lanade.de\/blog\/wp-content\/uploads\/2015\/06\/ld_blog_gletscher_2.jpg\" alt=\"Bild f\u00fcr Beitrag \u201eGletschergeschichten\u201c 2\" width=\"400\" height=\"400\" srcset=\"https:\/\/www.lanade.de\/blog\/wp-content\/uploads\/2015\/06\/ld_blog_gletscher_2.jpg 400w, https:\/\/www.lanade.de\/blog\/wp-content\/uploads\/2015\/06\/ld_blog_gletscher_2-150x150.jpg 150w, https:\/\/www.lanade.de\/blog\/wp-content\/uploads\/2015\/06\/ld_blog_gletscher_2-300x300.jpg 300w\" sizes=\"auto, (max-width: 400px) 100vw, 400px\" \/><\/a><\/p>\n<h4><span class=\"_5yl5\">Teil 2\u00a0\u2013Ein tolles Festival<\/span><\/h4>\n<p>Was ich ebenfalls ergattert hatte, waren Tickets f\u00fcr <a href=\"https:\/\/instagram.com\/explore\/tags\/berlinknits2015\/\" target=\"_blank\">Berlin Knits<\/a>. Ein fantastisches Wollfestival mit vielen internationalen Designern, einem bunten Marktplatz und dem Gro\u00dfteil der Berliner Lanade-Szene auf die ich mich schon wahnsinnig freute \ud83d\ude42 W\u00e4hrend der vierst\u00fcndigen Zugfahrt nach Berlin wuchs der kleine orangefarbene Gletscher recht ordentlich und war sp\u00e4ter auf der Veranstaltung \u00fcberall dabei. In den Workshops, im Restaurant und im Caf\u00e9 und auch bei den n\u00e4chtlichen Strickrunden mit Carolin, die ich erfreulicherweise als Hausgast hatte, bekam das Tuch etliche Streicheleinheiten und viele neue Reihen.<\/p>\n<h4>Teil 3 \u2013\u00a0Ein bunter Hund (\u00e4h, Designer)<\/h4>\n<p>Au\u00dferdem bei Berlin Knits dabei: der Designer des Glacier Sweeps h\u00f6chstpers\u00f6nlich. Kennt ihr <a href=\"http:\/\/instagram.com\/westknits\" target=\"_blank\">Stephen West<\/a>? Ich glaube, ich \u00fcbertreibe nicht, wenn ich ihn \u201edie schillernste Perle im Ozean der Strickdesigner\u201c nenne \ud83d\ude00 Stephen ist abgedreht, bunt, authentisch und einfach sooo zauberhaft! Das merkt selbst die letzte Berliner Omi, die ihm zuf\u00e4llig auf der Stra\u00dfe begegnet, sofort. Wirklich wahr! Auf einer Verkehrsinsel etwa\u00a050 Meter\u00a0vor dem Veranstaltungsort wurden wir von einer \u00e4lteren Dame mit Einkaufsroller (oder, wie man in Berlin sagt,\u00a0<em>Hackenporsche<\/em>) angesprochen: \u201eHammse die janzen Stricklieseln dahinten jesehen? Die vasammeln sich hier, kucken se mal. Aba een Mann is dabei \u2013\u00a0dit is Mista Strick!\u201c, gefolgt von einem verz\u00fcckten Grinsen. Keine Frage, wer da gemeint war \ud83d\ude00<\/p>\n<h4><span class=\"_5yl5\">Teil 4 \u2013\u00a0Eine irre Reise<\/span><\/h4>\n<p>Gegen Ende des Festivals waren die Reihen schon sehr lang geworden. Gut, dass wieder vier Stunden\u00a0Zugfahrt vor mir lagen. Das Muster, abwechselnd glatt rechts gestrickte B\u00f6gen und verk\u00fcrzte Reihen in kraus rechts, war sehr eing\u00e4ngig und machte Spa\u00df. Ich freute mich also auf ungest\u00f6rtes Dahinrasen durch Landschaft und Maschen, kein Umsteigen, keine Anstrengung. Einfach eine kleine Auszeit. Pah, von wegen! Ich m\u00f6chte hier nicht ins Detail gehen, aber die Zugfahrt, die ich bekam, war mindestens so abgedreht wie Mister Strick. Ein Zug-Totalausfall nach Zusammensto\u00df mit einem Fischreiher(!), eine Odyssee auf G\u00fctergleisen und zu guter Letzt eine halsbrecherische, n\u00e4chtliche Taxifahrt werden mir immer in Erinnerung gerufen, sobald ich die letzten Reihen des Glacier Sweeps sehe.<\/p>\n<p><a href=\"https:\/\/www.lanade.de\/blog\/wp-content\/uploads\/2015\/06\/ld_blog_gletscher_3.jpg\"><img loading=\"lazy\" decoding=\"async\" class=\"alignnone size-full wp-image-1424\" src=\"https:\/\/www.lanade.de\/blog\/wp-content\/uploads\/2015\/06\/ld_blog_gletscher_3.jpg\" alt=\"Bild f\u00fcr Beitrag \u201eGletschergeschichten\u201c 3\" width=\"400\" height=\"400\" srcset=\"https:\/\/www.lanade.de\/blog\/wp-content\/uploads\/2015\/06\/ld_blog_gletscher_3.jpg 400w, https:\/\/www.lanade.de\/blog\/wp-content\/uploads\/2015\/06\/ld_blog_gletscher_3-150x150.jpg 150w, https:\/\/www.lanade.de\/blog\/wp-content\/uploads\/2015\/06\/ld_blog_gletscher_3-300x300.jpg 300w\" sizes=\"auto, (max-width: 400px) 100vw, 400px\" \/><\/a><\/p>\n<h4><span class=\"_5yl5\">Teil 5 \u2013\u00a0Eine fantastische Gruppe<\/span> \u2665<\/h4>\n<p>Eine sehr kurze Nacht in den Knochen, machte ich mich f\u00fcr den Endspurt bereit. Das Tuch sollte mit einem i-Cord (Strickkordel) in Kontrastfarbe abgekettet werden, also stand eine Farbentscheidung an. Nach einigem v\u00f6llig erfolglosem Hin- und Hergeschiebe mit erst halboffenen Augen vertraute ich mich der Schwarmintelligenz unserer wunderbaren <a href=\"https:\/\/www.facebook.com\/groups\/Knitalong\/?fref=nf\" target=\"_blank\">Lanade-Facebookgruppe<\/a> an. Da wird man n\u00e4mlich immer geholfen \ud83d\ude09<\/p>\n<p><a href=\"https:\/\/www.lanade.de\/blog\/wp-content\/uploads\/2015\/06\/ld_blog_gletscher_4.jpg\"><img loading=\"lazy\" decoding=\"async\" class=\"alignnone size-full wp-image-1425\" src=\"https:\/\/www.lanade.de\/blog\/wp-content\/uploads\/2015\/06\/ld_blog_gletscher_4.jpg\" alt=\"Bild f\u00fcr Beitrag \u201eGletschergeschichten\u201c 4\" width=\"600\" height=\"336\" srcset=\"https:\/\/www.lanade.de\/blog\/wp-content\/uploads\/2015\/06\/ld_blog_gletscher_4.jpg 600w, https:\/\/www.lanade.de\/blog\/wp-content\/uploads\/2015\/06\/ld_blog_gletscher_4-300x168.jpg 300w\" sizes=\"auto, (max-width: 600px) 100vw, 600px\" \/><\/a><\/p>\n<p>Ich zeigte ein Foto mit den Alternativen, bekam innerhalb k\u00fcrzester Zeit ganz viel Feedback und bin absolut gl\u00fccklich mit der Wahl, die sich dann herauskristallisierte. Mechita <em>121\u00a0Marte:<\/em> wundersch\u00f6ne Rot-, Lila- und Oranget\u00f6ne die perfekt zu Dried Orange passen. Und bunt! Bunt wie die Gruppe mit ihren vielen kreativen und klugen Mitgliedern, bunt wie Mister Strick (nur nicht ganz so neonfarben) und bunt wie die Geschichten zu diesem Tuch. Ich liebe es wenn Dinge zusammenpassen \ud83d\ude42<\/p>\n<p><a href=\"https:\/\/www.lanade.de\/blog\/wp-content\/uploads\/2015\/06\/ld_blog_gletscher_6.jpg\"><img loading=\"lazy\" decoding=\"async\" class=\"alignnone size-full wp-image-1427\" src=\"https:\/\/www.lanade.de\/blog\/wp-content\/uploads\/2015\/06\/ld_blog_gletscher_6.jpg\" alt=\"Bild f\u00fcr Beitrag \u201eGletschergeschichten\u201c 6\" width=\"400\" height=\"600\" srcset=\"https:\/\/www.lanade.de\/blog\/wp-content\/uploads\/2015\/06\/ld_blog_gletscher_6.jpg 400w, https:\/\/www.lanade.de\/blog\/wp-content\/uploads\/2015\/06\/ld_blog_gletscher_6-300x450.jpg 300w, https:\/\/www.lanade.de\/blog\/wp-content\/uploads\/2015\/06\/ld_blog_gletscher_6-100x150.jpg 100w\" sizes=\"auto, (max-width: 400px) 100vw, 400px\" \/><\/a><\/p>\n<p><a href=\"https:\/\/www.lanade.de\/blog\/wp-content\/uploads\/2015\/06\/ld_blog_gletscher_5.jpg\"><img loading=\"lazy\" decoding=\"async\" class=\"alignnone size-full wp-image-1426\" src=\"https:\/\/www.lanade.de\/blog\/wp-content\/uploads\/2015\/06\/ld_blog_gletscher_5.jpg\" alt=\"Bild f\u00fcr Beitrag \u201eGletschergeschichten\u201c 5\" width=\"600\" height=\"400\" srcset=\"https:\/\/www.lanade.de\/blog\/wp-content\/uploads\/2015\/06\/ld_blog_gletscher_5.jpg 600w, https:\/\/www.lanade.de\/blog\/wp-content\/uploads\/2015\/06\/ld_blog_gletscher_5-300x200.jpg 300w\" sizes=\"auto, (max-width: 600px) 100vw, 600px\" \/><\/a><\/p>\n<p>Hier noch mal die Details:<\/p>\n<ul>\n<li>Gr\u00f6\u00dfe: circa\u00a0130 \u00d7 65 cm<\/li>\n<li>Garn und Verbrauch: <a href=\"https:\/\/www.lanade.de\/malabrigo\/malabrigo-mechita\" target=\"_blank\">Malabrigo Mechita<\/a>, doppelf\u00e4dig,\u00a0circa 260 Gramm\u00a0<em>895\u00a0Dried Orange<\/em>\u00a0und 15 Gramm\u00a0<em>121 Marte<\/em><\/li>\n<li>Nadelst\u00e4rke: 4,5 mm<\/li>\n<li>Anleitung bei Ravelry: <a href=\"http:\/\/www.ravelry.com\/patterns\/library\/glacier-sweep\" target=\"_blank\">Glacier Sweep<\/a> (Version \u201eheavy worsted weight\u201c)<\/li>\n<\/ul>\n","protected":false},"excerpt":{"rendered":"<p>Etwas Prosa gef\u00e4llig? Heute wird aus dem N\u00e4hk\u00e4stchen \u2026 \u00e4h, Strickk\u00f6rbchen geplaudert. Ein frisches Garn, ein stetig wachsendes Schultertuch, eine Berliner Oma und weitere Hauptdarsteller sollen euch heute ein bisschen unterhalten. Viel Spa\u00df!<\/p>\n","protected":false},"author":7,"featured_media":0,"comment_status":"open","ping_status":"closed","sticky":false,"template":"","format":"standard","meta":{"_acf_changed":false,"footnotes":""},"categories":[11,15,17,20,18,13,24],"tags":[],"class_list":["post-1416","post","type-post","status-publish","format-standard","hentry","category-frisch-von-der-nadel","category-malabrigo-garne","category-plausch","category-stricken","category-strickevents","category-tipps-und-tricks","category-tuecher-und-schals"],"acf":[],"yoast_head":"<!-- This site is optimized with the Yoast SEO plugin v25.9 - https:\/\/yoast.com\/wordpress\/plugins\/seo\/ -->\n<title>Gletschergeschichten - Lanade<\/title>\n<meta name=\"robots\" content=\"index, follow, max-snippet:-1, max-image-preview:large, max-video-preview:-1\" \/>\n<link rel=\"canonical\" href=\"https:\/\/www.lanade.de\/blog\/gletschergeschichten\/\" \/>\n<meta property=\"og:locale\" content=\"de_DE\" \/>\n<meta property=\"og:type\" content=\"article\" \/>\n<meta property=\"og:title\" content=\"Gletschergeschichten - Lanade\" \/>\n<meta property=\"og:description\" content=\"Etwas Prosa gef\u00e4llig? Heute wird aus dem N\u00e4hk\u00e4stchen \u2026 \u00e4h, Strickk\u00f6rbchen geplaudert. Ein frisches Garn, ein stetig wachsendes Schultertuch, eine Berliner Oma und weitere Hauptdarsteller sollen euch heute ein bisschen unterhalten. Viel Spa\u00df!\" \/>\n<meta property=\"og:url\" content=\"https:\/\/www.lanade.de\/blog\/gletschergeschichten\/\" \/>\n<meta property=\"og:site_name\" content=\"Lanade\" \/>\n<meta property=\"article:published_time\" content=\"2015-06-03T12:15:00+00:00\" \/>\n<meta property=\"article:modified_time\" content=\"2015-10-01T09:44:46+00:00\" \/>\n<meta property=\"og:image\" content=\"https:\/\/www.lanade.de\/blog\/wp-content\/uploads\/2015\/06\/ld_blog_gletscher_1.jpg\" \/>\n<meta name=\"author\" content=\"Antje\" \/>\n<meta name=\"twitter:label1\" content=\"Verfasst von\" \/>\n\t<meta name=\"twitter:data1\" content=\"Antje\" \/>\n\t<meta name=\"twitter:label2\" content=\"Gesch\u00e4tzte Lesezeit\" \/>\n\t<meta name=\"twitter:data2\" content=\"4\u00a0Minuten\" \/>\n<script type=\"application\/ld+json\" class=\"yoast-schema-graph\">{\"@context\":\"https:\/\/schema.org\",\"@graph\":[{\"@type\":\"WebPage\",\"@id\":\"https:\/\/www.lanade.de\/blog\/gletschergeschichten\/\",\"url\":\"https:\/\/www.lanade.de\/blog\/gletschergeschichten\/\",\"name\":\"Gletschergeschichten - Lanade\",\"isPartOf\":{\"@id\":\"https:\/\/www.lanade.de\/blog\/#website\"},\"primaryImageOfPage\":{\"@id\":\"https:\/\/www.lanade.de\/blog\/gletschergeschichten\/#primaryimage\"},\"image\":{\"@id\":\"https:\/\/www.lanade.de\/blog\/gletschergeschichten\/#primaryimage\"},\"thumbnailUrl\":\"https:\/\/www.lanade.de\/blog\/wp-content\/uploads\/2015\/06\/ld_blog_gletscher_1.jpg\",\"datePublished\":\"2015-06-03T12:15:00+00:00\",\"dateModified\":\"2015-10-01T09:44:46+00:00\",\"author\":{\"@id\":\"https:\/\/www.lanade.de\/blog\/#\/schema\/person\/99d92369d7d993f83965e29ab2bf2541\"},\"breadcrumb\":{\"@id\":\"https:\/\/www.lanade.de\/blog\/gletschergeschichten\/#breadcrumb\"},\"inLanguage\":\"de\",\"potentialAction\":[{\"@type\":\"ReadAction\",\"target\":[\"https:\/\/www.lanade.de\/blog\/gletschergeschichten\/\"]}]},{\"@type\":\"ImageObject\",\"inLanguage\":\"de\",\"@id\":\"https:\/\/www.lanade.de\/blog\/gletschergeschichten\/#primaryimage\",\"url\":\"https:\/\/www.lanade.de\/blog\/wp-content\/uploads\/2015\/06\/ld_blog_gletscher_1.jpg\",\"contentUrl\":\"https:\/\/www.lanade.de\/blog\/wp-content\/uploads\/2015\/06\/ld_blog_gletscher_1.jpg\"},{\"@type\":\"BreadcrumbList\",\"@id\":\"https:\/\/www.lanade.de\/blog\/gletschergeschichten\/#breadcrumb\",\"itemListElement\":[{\"@type\":\"ListItem\",\"position\":1,\"name\":\"Startseite\",\"item\":\"https:\/\/www.lanade.de\/blog\/\"},{\"@type\":\"ListItem\",\"position\":2,\"name\":\"Gletschergeschichten\"}]},{\"@type\":\"WebSite\",\"@id\":\"https:\/\/www.lanade.de\/blog\/#website\",\"url\":\"https:\/\/www.lanade.de\/blog\/\",\"name\":\"Lanade\",\"description\":\"Weil Wolle wahrhaft Wunderbares wirkt.\",\"potentialAction\":[{\"@type\":\"SearchAction\",\"target\":{\"@type\":\"EntryPoint\",\"urlTemplate\":\"https:\/\/www.lanade.de\/blog\/?s={search_term_string}\"},\"query-input\":{\"@type\":\"PropertyValueSpecification\",\"valueRequired\":true,\"valueName\":\"search_term_string\"}}],\"inLanguage\":\"de\"},{\"@type\":\"Person\",\"@id\":\"https:\/\/www.lanade.de\/blog\/#\/schema\/person\/99d92369d7d993f83965e29ab2bf2541\",\"name\":\"Antje\",\"image\":{\"@type\":\"ImageObject\",\"inLanguage\":\"de\",\"@id\":\"https:\/\/www.lanade.de\/blog\/#\/schema\/person\/image\/\",\"url\":\"https:\/\/secure.gravatar.com\/avatar\/450f17a0a5e108d291c5cfdfb6d09f0ff7b77cacf37687c471208c9ef879f22a?s=96&d=mm&r=g\",\"contentUrl\":\"https:\/\/secure.gravatar.com\/avatar\/450f17a0a5e108d291c5cfdfb6d09f0ff7b77cacf37687c471208c9ef879f22a?s=96&d=mm&r=g\",\"caption\":\"Antje\"},\"url\":\"https:\/\/www.lanade.de\/blog\/author\/alitzmann\/\"}]}<\/script>\n<!-- \/ Yoast SEO plugin. -->","yoast_head_json":{"title":"Gletschergeschichten - Lanade","robots":{"index":"index","follow":"follow","max-snippet":"max-snippet:-1","max-image-preview":"max-image-preview:large","max-video-preview":"max-video-preview:-1"},"canonical":"https:\/\/www.lanade.de\/blog\/gletschergeschichten\/","og_locale":"de_DE","og_type":"article","og_title":"Gletschergeschichten - Lanade","og_description":"Etwas Prosa gef\u00e4llig? Heute wird aus dem N\u00e4hk\u00e4stchen \u2026 \u00e4h, Strickk\u00f6rbchen geplaudert. Ein frisches Garn, ein stetig wachsendes Schultertuch, eine Berliner Oma und weitere Hauptdarsteller sollen euch heute ein bisschen unterhalten. Viel Spa\u00df!","og_url":"https:\/\/www.lanade.de\/blog\/gletschergeschichten\/","og_site_name":"Lanade","article_published_time":"2015-06-03T12:15:00+00:00","article_modified_time":"2015-10-01T09:44:46+00:00","og_image":[{"url":"https:\/\/www.lanade.de\/blog\/wp-content\/uploads\/2015\/06\/ld_blog_gletscher_1.jpg","type":"","width":"","height":""}],"author":"Antje","twitter_misc":{"Verfasst von":"Antje","Gesch\u00e4tzte Lesezeit":"4\u00a0Minuten"},"schema":{"@context":"https:\/\/schema.org","@graph":[{"@type":"WebPage","@id":"https:\/\/www.lanade.de\/blog\/gletschergeschichten\/","url":"https:\/\/www.lanade.de\/blog\/gletschergeschichten\/","name":"Gletschergeschichten - Lanade","isPartOf":{"@id":"https:\/\/www.lanade.de\/blog\/#website"},"primaryImageOfPage":{"@id":"https:\/\/www.lanade.de\/blog\/gletschergeschichten\/#primaryimage"},"image":{"@id":"https:\/\/www.lanade.de\/blog\/gletschergeschichten\/#primaryimage"},"thumbnailUrl":"https:\/\/www.lanade.de\/blog\/wp-content\/uploads\/2015\/06\/ld_blog_gletscher_1.jpg","datePublished":"2015-06-03T12:15:00+00:00","dateModified":"2015-10-01T09:44:46+00:00","author":{"@id":"https:\/\/www.lanade.de\/blog\/#\/schema\/person\/99d92369d7d993f83965e29ab2bf2541"},"breadcrumb":{"@id":"https:\/\/www.lanade.de\/blog\/gletschergeschichten\/#breadcrumb"},"inLanguage":"de","potentialAction":[{"@type":"ReadAction","target":["https:\/\/www.lanade.de\/blog\/gletschergeschichten\/"]}]},{"@type":"ImageObject","inLanguage":"de","@id":"https:\/\/www.lanade.de\/blog\/gletschergeschichten\/#primaryimage","url":"https:\/\/www.lanade.de\/blog\/wp-content\/uploads\/2015\/06\/ld_blog_gletscher_1.jpg","contentUrl":"https:\/\/www.lanade.de\/blog\/wp-content\/uploads\/2015\/06\/ld_blog_gletscher_1.jpg"},{"@type":"BreadcrumbList","@id":"https:\/\/www.lanade.de\/blog\/gletschergeschichten\/#breadcrumb","itemListElement":[{"@type":"ListItem","position":1,"name":"Startseite","item":"https:\/\/www.lanade.de\/blog\/"},{"@type":"ListItem","position":2,"name":"Gletschergeschichten"}]},{"@type":"WebSite","@id":"https:\/\/www.lanade.de\/blog\/#website","url":"https:\/\/www.lanade.de\/blog\/","name":"Lanade","description":"Weil Wolle wahrhaft Wunderbares wirkt.","potentialAction":[{"@type":"SearchAction","target":{"@type":"EntryPoint","urlTemplate":"https:\/\/www.lanade.de\/blog\/?s={search_term_string}"},"query-input":{"@type":"PropertyValueSpecification","valueRequired":true,"valueName":"search_term_string"}}],"inLanguage":"de"},{"@type":"Person","@id":"https:\/\/www.lanade.de\/blog\/#\/schema\/person\/99d92369d7d993f83965e29ab2bf2541","name":"Antje","image":{"@type":"ImageObject","inLanguage":"de","@id":"https:\/\/www.lanade.de\/blog\/#\/schema\/person\/image\/","url":"https:\/\/secure.gravatar.com\/avatar\/450f17a0a5e108d291c5cfdfb6d09f0ff7b77cacf37687c471208c9ef879f22a?s=96&d=mm&r=g","contentUrl":"https:\/\/secure.gravatar.com\/avatar\/450f17a0a5e108d291c5cfdfb6d09f0ff7b77cacf37687c471208c9ef879f22a?s=96&d=mm&r=g","caption":"Antje"},"url":"https:\/\/www.lanade.de\/blog\/author\/alitzmann\/"}]}},"_links":{"self":[{"href":"https:\/\/www.lanade.de\/blog\/wp-json\/wp\/v2\/posts\/1416","targetHints":{"allow":["GET"]}}],"collection":[{"href":"https:\/\/www.lanade.de\/blog\/wp-json\/wp\/v2\/posts"}],"about":[{"href":"https:\/\/www.lanade.de\/blog\/wp-json\/wp\/v2\/types\/post"}],"author":[{"embeddable":true,"href":"https:\/\/www.lanade.de\/blog\/wp-json\/wp\/v2\/users\/7"}],"replies":[{"embeddable":true,"href":"https:\/\/www.lanade.de\/blog\/wp-json\/wp\/v2\/comments?post=1416"}],"version-history":[{"count":15,"href":"https:\/\/www.lanade.de\/blog\/wp-json\/wp\/v2\/posts\/1416\/revisions"}],"predecessor-version":[{"id":1429,"href":"https:\/\/www.lanade.de\/blog\/wp-json\/wp\/v2\/posts\/1416\/revisions\/1429"}],"wp:attachment":[{"href":"https:\/\/www.lanade.de\/blog\/wp-json\/wp\/v2\/media?parent=1416"}],"wp:term":[{"taxonomy":"category","embeddable":true,"href":"https:\/\/www.lanade.de\/blog\/wp-json\/wp\/v2\/categories?post=1416"},{"taxonomy":"post_tag","embeddable":true,"href":"https:\/\/www.lanade.de\/blog\/wp-json\/wp\/v2\/tags?post=1416"}],"curies":[{"name":"wp","href":"https:\/\/api.w.org\/{rel}","templated":true}]}}